{"id":460736,"date":"2017-02-14T12:36:35","date_gmt":"2017-02-14T18:36:35","guid":{"rendered":"https:\/\/www.futboltotal.com.mx\/?p=460736"},"modified":"2017-02-14T12:38:55","modified_gmt":"2017-02-14T18:38:55","slug":"gracias-a-dios-maradona-juega-napoli-modric","status":"publish","type":"post","link":"http:\/\/desarrollo.grupomedios.com\/futbol\/futbol-internacional\/gracias-a-dios-maradona-juega-napoli-modric\/2017\/02","title":{"rendered":"&#8220;Gracias a Dios, Maradona no juega con Napoli&#8221;: Modric"},"content":{"rendered":"<p>El croata <strong>Luka Modric<\/strong> mostr\u00f3 su admiraci\u00f3n hacia un mito del N\u00e1poles como el argentino Diego Armando Maradona y destac\u00f3 los peligros actuales del conjunto italiano, advirtiendo de que la Champions es especial para el Real Madrid.<\/p>\n<blockquote><p>&#8220;Conoc\u00ed a Maradona y varias veces he estado con \u00e9l, la \u00faltima en la gala &#8216;The Best&#8217;. Es uno de los mejores jugadores de la historia del f\u00fatbol y estamos muy contentos de verlo en Madrid porque es un jugador excepcional que nos ver\u00e1 en directo y una buena persona. Gracias a Dios que no juega, estamos contentos por esto&#8221;, asegur\u00f3.<\/p><\/blockquote>\n<p style=\"text-align: center;\"><a href=\"https:\/\/www.futboltotal.com.mx\/futbol-internacional\/\"><span style=\"color: #3366ff;\">LEER M\u00c1S: Todas las noticias de futbol internacional<\/span><\/a><\/p>\n<p><strong>Modric<\/strong> tuvo palabras buenas hacia un N\u00e1poles en racha, pero dejando claro que la Liga de Campeones es la competici\u00f3n m\u00e1s especial para el Real Madrid.<\/p>\n<blockquote><p>&#8220;El N\u00e1poles est\u00e1 en buena racha, jugando muy bien, pero nosotros jugamos en casa, queremos entrar muy fuerte al partido desde el principio y mostrar que estamos tambi\u00e9n en buen estado de forma y ganar&#8221;, manifest\u00f3 el mediocampista, al tiempo que pidi\u00f3 una gran noche europea al Bernab\u00e9u.<\/p><\/blockquote>\n<p>Para <strong>Modric<\/strong> nadie tiene que recordar lo ocurrido en Copa del Rey en la \u00faltima eliminatoria que ha disputado el Real Madrid y que ha perdido. Destac\u00f3 la mentalidad diferente que tienen en la Liga de Campeones.<\/p>\n<blockquote><p>&#8220;Es una competici\u00f3n diferente y lo que pas\u00f3 contra el Celta hay que olvidarlo, tenemos que mirar adelante. Sabemos que nos espera un partido muy dif\u00edcil, en el que tenemos que entrar fuertes desde el principio, jugar como nosotros sabemos, como hemos hecho casi toda la temporada, ante un rival muy duro que lleva una buena racha. Pero jugamos en casa y para nosotros es importante hacer un buen partido y ganarlo. Ojal\u00e1 no encajemos goles&#8221;, dese\u00f3.<\/p><\/blockquote>\n<p>Por \u00faltimo, lanz\u00f3 un mensaje optimista al madridismo valorando las posibilidades que tiene el Real Madrid de ser el primer equipo que conquista dos Ligas de Campeones consecutivas.<\/p>\n<blockquote><p>&#8220;Nunca pas\u00f3 pero estamos en el Real Madrid y creemos que podemos ser los primeros que defiendan t\u00edtulo, pero no hay que pensarlo, mejor ir paso a paso pensando solo en el N\u00e1poles sin mirar adelante. Queremos estar en Cardiff pero partido a partido&#8221;, sentenci\u00f3.<\/p><\/blockquote>\n<p><strong><span style=\"color: #3366ff;\">S\u00edguenos en <span id=\"m_-2415482759508325492goog_2054972132\"><\/span>Twitter <a style=\"color: #3366ff;\" href=\"https:\/\/twitter.com\/MXFutbolTotal\" target=\"_blank\" data-saferedirecturl=\"https:\/\/www.google.com\/url?hl=es&amp;q=https:\/\/twitter.com\/MXFutbolTotal&amp;source=gmail&amp;ust=1484407790065000&amp;usg=AFQjCNEcr6bC04EkibLDKNautj_QSN_K9Q\">@MXFutbolTotal<\/a><\/span><\/strong><\/p>\n","protected":false},"excerpt":{"rendered":"<p>El mediocampista elogi\u00f3 al Pelusa y confi\u00f3 en que el Real Madrid gane en el Benrnab\u00e9u.<\/p>\n","protected":false},"author":20,"featured_media":460738,"comment_status":"closed","ping_status":"closed","sticky":false,"template":"","format":"standard","meta":[],"categories":[3841,3839,5951],"tags":[36,160,5988],"_links":{"self":[{"href":"http:\/\/desarrollo.grupomedios.com\/futbol\/wp-json\/wp\/v2\/posts\/460736"}],"collection":[{"href":"http:\/\/desarrollo.grupomedios.com\/futbol\/wp-json\/wp\/v2\/posts"}],"about":[{"href":"http:\/\/desarrollo.grupomedios.com\/futbol\/wp-json\/wp\/v2\/types\/post"}],"author":[{"embeddable":true,"href":"http:\/\/desarrollo.grupomedios.com\/futbol\/wp-json\/wp\/v2\/users\/20"}],"replies":[{"embeddable":true,"href":"http:\/\/desarrollo.grupomedios.com\/futbol\/wp-json\/wp\/v2\/comments?post=460736"}],"version-history":[{"count":0,"href":"http:\/\/desarrollo.grupomedios.com\/futbol\/wp-json\/wp\/v2\/posts\/460736\/revisions"}],"wp:featuredmedia":[{"embeddable":true,"href":"http:\/\/desarrollo.grupomedios.com\/futbol\/wp-json\/wp\/v2\/media\/460738"}],"wp:attachment":[{"href":"http:\/\/desarrollo.grupomedios.com\/futbol\/wp-json\/wp\/v2\/media?parent=460736"}],"wp:term":[{"taxonomy":"category","embeddable":true,"href":"http:\/\/desarrollo.grupomedios.com\/futbol\/wp-json\/wp\/v2\/categories?post=460736"},{"taxonomy":"post_tag","embeddable":true,"href":"http:\/\/desarrollo.grupomedios.com\/futbol\/wp-json\/wp\/v2\/tags?post=460736"}],"curies":[{"name":"wp","href":"https:\/\/api.w.org\/{rel}","templated":true}]}}