{"id":460751,"date":"2017-02-14T13:26:31","date_gmt":"2017-02-14T19:26:31","guid":{"rendered":"https:\/\/www.futboltotal.com.mx\/?p=460751"},"modified":"2017-02-14T13:26:31","modified_gmt":"2017-02-14T19:26:31","slug":"usain-bolt-confiesa-a-futbolista-admira","status":"publish","type":"post","link":"http:\/\/desarrollo.grupomedios.com\/futbol\/futbol-internacional\/usain-bolt-confiesa-a-futbolista-admira\/2017\/02","title":{"rendered":"Usain Bolt confiesa a que futbolista admira"},"content":{"rendered":"<p>El jamaicano <strong>Usain Bolt,<\/strong> el mejor velocista de todos los tiempos, dijo este martes en M\u00f3naco que es un &#8220;grand\u00edsimo admirador&#8221; del portugu\u00e9s <strong>Cristiano Ronaldo<\/strong> desde hace mucho tiempo, porque es seguidor del Manchester United.<\/p>\n<p>As\u00ed se expres\u00f3 el plusmarquista mundial de los 100 y 200 lisos, ocho veces campe\u00f3n ol\u00edmpico -acaba de perder el t\u00edtulo del relevo 4&#215;100 de Pek\u00edn&#8217;08 debido al positivo de su compatriota Nesta Carter- y once veces campe\u00f3n mundial, en un encuentro reducido con medios de comunicaci\u00f3n internacionales en el marco de los Premios Laureus, en el que particip\u00f3 la <em>Agencia EFE.<\/em><\/p>\n<p style=\"text-align: center;\"><a href=\"https:\/\/www.futboltotal.com.mx\/2017\/02\/mira-los-memes-la-vuelta-la-champions-league\/\" target=\"_blank\">LEER M\u00c1S: Los memes de la vuelta de Champions League y el 14 de febrero<\/a><\/p>\n<p><strong>Bolt<\/strong> se confes\u00f3 admirador de <strong>Cristiano Ronaldo<\/strong>, otro de los nominados al premio de mejor deportista del a\u00f1o. &#8220;Es un honor estar nominado junto a \u00e9l, a Stephen Curry, a LeBron James, a mi colega Mo Farah&#8230; es tremendo&#8221;, destac\u00f3.<\/p>\n<blockquote><p>&#8220;Soy un gran admirador de <strong>Cristiano Ronaldo,<\/strong> desde hace tiempo, porque soy seguidor del <strong>Manchester United<\/strong>. Nos hemos visto unas cuantas veces, hemos cenado en alguna ocasi\u00f3n. As\u00ed que es un honor formar parte de esta lista de nominados entre los que est\u00e1n los mejores&#8221;, apunt\u00f3 <strong>Usain Bolt<\/strong> este martes en M\u00f3naco<\/p><\/blockquote>\n","protected":false},"excerpt":{"rendered":"<p>El atleta reconoci\u00f3 ser fiel seguidor del actual ganador del bal\u00f3n de oro.<\/p>\n","protected":false},"author":144,"featured_media":460758,"comment_status":"closed","ping_status":"closed","sticky":false,"template":"","format":"standard","meta":[],"categories":[3839,3844],"tags":[6013,1793],"_links":{"self":[{"href":"http:\/\/desarrollo.grupomedios.com\/futbol\/wp-json\/wp\/v2\/posts\/460751"}],"collection":[{"href":"http:\/\/desarrollo.grupomedios.com\/futbol\/wp-json\/wp\/v2\/posts"}],"about":[{"href":"http:\/\/desarrollo.grupomedios.com\/futbol\/wp-json\/wp\/v2\/types\/post"}],"author":[{"embeddable":true,"href":"http:\/\/desarrollo.grupomedios.com\/futbol\/wp-json\/wp\/v2\/users\/144"}],"replies":[{"embeddable":true,"href":"http:\/\/desarrollo.grupomedios.com\/futbol\/wp-json\/wp\/v2\/comments?post=460751"}],"version-history":[{"count":0,"href":"http:\/\/desarrollo.grupomedios.com\/futbol\/wp-json\/wp\/v2\/posts\/460751\/revisions"}],"wp:featuredmedia":[{"embeddable":true,"href":"http:\/\/desarrollo.grupomedios.com\/futbol\/wp-json\/wp\/v2\/media\/460758"}],"wp:attachment":[{"href":"http:\/\/desarrollo.grupomedios.com\/futbol\/wp-json\/wp\/v2\/media?parent=460751"}],"wp:term":[{"taxonomy":"category","embeddable":true,"href":"http:\/\/desarrollo.grupomedios.com\/futbol\/wp-json\/wp\/v2\/categories?post=460751"},{"taxonomy":"post_tag","embeddable":true,"href":"http:\/\/desarrollo.grupomedios.com\/futbol\/wp-json\/wp\/v2\/tags?post=460751"}],"curies":[{"name":"wp","href":"https:\/\/api.w.org\/{rel}","templated":true}]}}