{"id":460907,"date":"2017-02-14T16:40:50","date_gmt":"2017-02-14T22:40:50","guid":{"rendered":"https:\/\/www.futboltotal.com.mx\/?p=460907"},"modified":"2017-02-14T16:57:44","modified_gmt":"2017-02-14T22:57:44","slug":"luis-enrique-discute-con-un-reportero","status":"publish","type":"post","link":"http:\/\/desarrollo.grupomedios.com\/futbol\/futbol-internacional\/luis-enrique-discute-con-un-reportero\/2017\/02","title":{"rendered":"Luis Enrique discute con un reportero"},"content":{"rendered":"<p>El <strong>Barcelona<\/strong> recibi\u00f3 en Par\u00eds la peor goleada en la Era de<strong> Luis Enrique<\/strong>. No recib\u00eda un castigo as\u00ed desde aquella eliminatoria ante el Bayern M\u00fanich en la Champions League 2013, cuando fue arrollado 4-0 en M\u00fanich y 0-3 en el Camp Nou.<\/p>\n<p>Esta noche, el PSG lo tritur\u00f3 en la Ida de los Octavos de Final y le endos\u00f3 un 4-0. Los jugadores acabaron fundido an\u00edmicamente y el entrenador Luis Enrique muy molesto. Ante de ir al vestidor, el DT se molest\u00f3 con un reportero por los cuestionamientos que le hizo en zona mixta.<\/p>\n<p style=\"text-align: center;\"><a href=\"https:\/\/www.futboltotal.com.mx\/2017\/02\/tigres-confirma-baja-lesion-javier-aquino\/\"><span style=\"color: #3366ff;\">LEER M\u00c1S: Todas las noticias de futbol internacional\u00a0<\/span><\/a><\/p>\n<blockquote class=\"twitter-video\" data-lang=\"es\">\n<p dir=\"ltr\" lang=\"es\">Se calent\u00f3 Luis Enrique &#x1f63f;<br \/>\n<a href=\"https:\/\/t.co\/XXAHYmUy97\">pic.twitter.com\/XXAHYmUy97<\/a><\/p>\n<p>\u2014 Agust\u00edn Fantasia (@agufantasia) <a href=\"https:\/\/twitter.com\/agufantasia\/status\/831634455148244992\">14 de febrero de 2017<\/a><\/p><\/blockquote>\n<p><script async src=\"\/\/platform.twitter.com\/widgets.js\" charset=\"utf-8\"><\/script><\/p>\n<p>M\u00e1s tranquilo, el DT habl\u00f3 en rueda de prensa y valor\u00f3 la derrota: &#8220;No creo que sea dif\u00edcil de explicar el partido. El rival ha sido superior a nosotros desde el inicio, desde las primeras acciones, nos ha superado en la presi\u00f3n, no hemos podido salir. Han sido mejores con y sin el bal\u00f3n&#8221;, dijo el entrenador en rueda de prensa.<\/p>\n<blockquote><p>&#8220;Hemos perdido muchos duelos y muchos aspectos importantes. Estuvimos irreconocibles&#8221;, admiti\u00f3 el timonel, al tiempo que apunt\u00f3: &#8220;El PSG ha dado su mejor versi\u00f3n y ha coincidido con una m\u00e1s pobres nuestras&#8221;.<\/p><\/blockquote>\n<p>En toda la historia de la Champions League ning\u00fan equipo ha sido capaz de remontar una eliminatoria a doble partido. Aun as\u00ed, el entrenador dio un voto de confianza a la plantilla y afirm\u00f3 que el \u00fanico responsable de la derrota es \u00e9l.<\/p>\n<blockquote><p>&#8220;Tengo m\u00e1xima confianza en los jugadores.\u00a0La eliminatoria est\u00e1 complicad\u00edsima pero queda la mitad, en otro estadio y otras circunstancias. No pierdo la esperanza de una machada para dar la vuelta. \u00bfPor qu\u00e9 no vamos a so\u00f1ar con que podemos hacerlo nosotros?&#8221;, dijo.<\/p>\n<p>&#8220;Hemos demostrado capacidad para hacer buenos partidos y resultados y queda la mitad de la eliminatoria. Cuando analicemos las cosas veremos que tendremos pocas opciones pero algunas y hay que aferrarse a ellas&#8221;, agreg\u00f3.<\/p><\/blockquote>\n<p>El <strong>Barcelona<\/strong> buscar\u00e1 la gesta el pr\u00f3ximo 8 de marzo en el Camp Nou, donde la \u00faltima vez que venci\u00f3 al PSG fue por marcador de 2-0 consiguiendo el pase a las semifinales.<\/p>\n<p><span style=\"color: #3366ff;\"><strong>S\u00edguenos en Twitter:<\/strong>\u00a0<a style=\"color: #3366ff;\" href=\"https:\/\/twitter.com\/MXFutbolTotal\" target=\"_blank\">@MXFutbolTotal<\/a><\/span><\/p>\n<p>&nbsp;<\/p>\n","protected":false},"excerpt":{"rendered":"<p>El entrenador habl\u00f3 tras la goleada 4-0 que recibi\u00f3 el Barcelona en Octavos de Final de UCL.<\/p>\n","protected":false},"author":20,"featured_media":460919,"comment_status":"closed","ping_status":"closed","sticky":false,"template":"","format":"standard","meta":[],"categories":[3841,3839],"tags":[5984,36,4051],"_links":{"self":[{"href":"http:\/\/desarrollo.grupomedios.com\/futbol\/wp-json\/wp\/v2\/posts\/460907"}],"collection":[{"href":"http:\/\/desarrollo.grupomedios.com\/futbol\/wp-json\/wp\/v2\/posts"}],"about":[{"href":"http:\/\/desarrollo.grupomedios.com\/futbol\/wp-json\/wp\/v2\/types\/post"}],"author":[{"embeddable":true,"href":"http:\/\/desarrollo.grupomedios.com\/futbol\/wp-json\/wp\/v2\/users\/20"}],"replies":[{"embeddable":true,"href":"http:\/\/desarrollo.grupomedios.com\/futbol\/wp-json\/wp\/v2\/comments?post=460907"}],"version-history":[{"count":0,"href":"http:\/\/desarrollo.grupomedios.com\/futbol\/wp-json\/wp\/v2\/posts\/460907\/revisions"}],"wp:featuredmedia":[{"embeddable":true,"href":"http:\/\/desarrollo.grupomedios.com\/futbol\/wp-json\/wp\/v2\/media\/460919"}],"wp:attachment":[{"href":"http:\/\/desarrollo.grupomedios.com\/futbol\/wp-json\/wp\/v2\/media?parent=460907"}],"wp:term":[{"taxonomy":"category","embeddable":true,"href":"http:\/\/desarrollo.grupomedios.com\/futbol\/wp-json\/wp\/v2\/categories?post=460907"},{"taxonomy":"post_tag","embeddable":true,"href":"http:\/\/desarrollo.grupomedios.com\/futbol\/wp-json\/wp\/v2\/tags?post=460907"}],"curies":[{"name":"wp","href":"https:\/\/api.w.org\/{rel}","templated":true}]}}