{"id":461137,"date":"2017-02-15T08:41:59","date_gmt":"2017-02-15T14:41:59","guid":{"rendered":"https:\/\/www.futboltotal.com.mx\/?p=461137"},"modified":"2017-02-15T13:12:42","modified_gmt":"2017-02-15T19:12:42","slug":"causa-efecto-luka-modric","status":"publish","type":"post","link":"http:\/\/desarrollo.grupomedios.com\/futbol\/futbol-internacional\/causa-efecto-luka-modric\/2017\/02","title":{"rendered":"Causa y efecto de&#8230; Luka Modric"},"content":{"rendered":"<p>El <strong>Real Madrid<\/strong> afronta este mi\u00e9rcoles la Ida de los Octavos de Final de la UEFA Champions League y uno de los elegidos para conseguir el primer asalto en el Bernab\u00e9u es el mediocampista croata <strong>Luka Modric<\/strong>, fichado en agosto de 2012 por 35 millones de euros y cuya aventura por las canchas qued\u00f3 marcada en su g\u00e9nesis por la \u00faltima guerra balc\u00e1nica, que ocurri\u00f3 en 1991 en Croacia.<\/p>\n<p>Rebeldes serbios mataron a su abuelo 8 (tambi\u00e9n llamado Luka), en el peque\u00f1o pueblo de Obrovac,a menos de un kil\u00f3metro de su casa. Su padre se sum\u00f3 al ej\u00e9rcito croata y a su madre no le qued\u00f3 m\u00e1s opci\u00f3n que huir&#8230; el resto de la historia te lo presentamos en nuestra secci\u00f3n Causa y Efecto. \u00a1<strong>Luka Modric<\/strong>, es un crack!<\/p>\n<p style=\"text-align: center;\"><span style=\"color: #3366ff;\"><a style=\"color: #3366ff;\" href=\"http:\/\/LEER M\u00c1S: Todas las noticias de futbol internacional\">LEER M\u00c1S: Todas las noticias de futbol internacional<\/a>\u00a0<\/span><\/p>\n<p>[video_player]https:\/\/player.vimeo.com\/external\/203504961.hd.mp4?s=91955a7b3cdc3440f7efeaef8cb1c302c0a81384&amp;profile_id=174[\/video_player]<\/p>\n<p><span style=\"color: #3366ff;\"><strong>S\u00edguenos en Twitter:<\/strong>\u00a0<a style=\"color: #3366ff;\" href=\"https:\/\/twitter.com\/MXFutbolTotal\" target=\"_blank\">@MXFutbolTotal<\/a><\/span><\/p>\n","protected":false},"excerpt":{"rendered":"<p>El croata dejo el Zadar tras el asesinato de su abuelo; luego se refugi\u00f3 en el f\u00fatbol.<\/p>\n","protected":false},"author":20,"featured_media":461140,"comment_status":"closed","ping_status":"closed","sticky":false,"template":"","format":"standard","meta":[],"categories":[3841,7570,3839],"tags":[477,5988],"_links":{"self":[{"href":"http:\/\/desarrollo.grupomedios.com\/futbol\/wp-json\/wp\/v2\/posts\/461137"}],"collection":[{"href":"http:\/\/desarrollo.grupomedios.com\/futbol\/wp-json\/wp\/v2\/posts"}],"about":[{"href":"http:\/\/desarrollo.grupomedios.com\/futbol\/wp-json\/wp\/v2\/types\/post"}],"author":[{"embeddable":true,"href":"http:\/\/desarrollo.grupomedios.com\/futbol\/wp-json\/wp\/v2\/users\/20"}],"replies":[{"embeddable":true,"href":"http:\/\/desarrollo.grupomedios.com\/futbol\/wp-json\/wp\/v2\/comments?post=461137"}],"version-history":[{"count":0,"href":"http:\/\/desarrollo.grupomedios.com\/futbol\/wp-json\/wp\/v2\/posts\/461137\/revisions"}],"wp:featuredmedia":[{"embeddable":true,"href":"http:\/\/desarrollo.grupomedios.com\/futbol\/wp-json\/wp\/v2\/media\/461140"}],"wp:attachment":[{"href":"http:\/\/desarrollo.grupomedios.com\/futbol\/wp-json\/wp\/v2\/media?parent=461137"}],"wp:term":[{"taxonomy":"category","embeddable":true,"href":"http:\/\/desarrollo.grupomedios.com\/futbol\/wp-json\/wp\/v2\/categories?post=461137"},{"taxonomy":"post_tag","embeddable":true,"href":"http:\/\/desarrollo.grupomedios.com\/futbol\/wp-json\/wp\/v2\/tags?post=461137"}],"curies":[{"name":"wp","href":"https:\/\/api.w.org\/{rel}","templated":true}]}}