{"id":461145,"date":"2017-02-15T09:59:14","date_gmt":"2017-02-15T15:59:14","guid":{"rendered":"https:\/\/www.futboltotal.com.mx\/?p=461145"},"modified":"2017-02-15T10:03:04","modified_gmt":"2017-02-15T16:03:04","slug":"diego-costa-esta-cerca-de-renovar-su-contrato-con-chelsea","status":"publish","type":"post","link":"http:\/\/desarrollo.grupomedios.com\/futbol\/futbol-internacional\/diego-costa-esta-cerca-de-renovar-su-contrato-con-chelsea\/2017\/02","title":{"rendered":"Costa est\u00e1 cerca de renovar su contrato con el Chelsea"},"content":{"rendered":"<p>El Chelsea y <strong>Diego Costa<\/strong> est\u00e1n en &#8220;negociaciones avanzadas&#8221; para renovar el contrato del delantero internacional espa\u00f1ol, aunque todav\u00eda no se ha llegado a un acuerdo, informan este mi\u00e9rcoles los medios brit\u00e1nicos.<\/p>\n<blockquote class=\"twitter-tweet\" data-width=\"500\">\n<p lang=\"en\" dir=\"ltr\">Chelsea in advanced talks with Diego Costa but new contract yet to be agreed: <a href=\"https:\/\/t.co\/54kNefrYkc\">https:\/\/t.co\/54kNefrYkc<\/a> <a href=\"https:\/\/t.co\/pA7BtAoxZe\">pic.twitter.com\/pA7BtAoxZe<\/a><\/p>\n<p>&mdash; Sky Football \u26bd\ufe0f (@SkyFootball) <a href=\"https:\/\/twitter.com\/SkyFootball\/status\/831857124548427777\">February 15, 2017<\/a><\/p><\/blockquote>\n<p><script async src=\"\/\/platform.twitter.com\/widgets.js\" charset=\"utf-8\"><\/script><\/p>\n<p style=\"text-align: center;\"><a href=\"https:\/\/www.futboltotal.com.mx\/2017\/02\/causa-efecto-luka-modric\/\"><span style=\"color: #3366ff;\">LEER M\u00c1S:\u00a0Causa y efecto de\u2026 Luka Modric<\/span><\/a><\/p>\n<p>Pese a que el tabloide <em>The Sun<\/em> avanz\u00f3 el martes que Costa y el club hab\u00edan alcanzado un acuerdo por cinco a\u00f1os valorado en \u00a0259,000 euros, <em>Sky Sports<\/em> asegura hoy que el brasile\u00f1o todav\u00eda no ha firmado y que tal acuerdo no est\u00e1 todav\u00eda cerrado.<\/p>\n<p>A Diego Costa, antiguo delantero del Atl\u00e9tico de Madrid, m\u00e1ximo artillero del Chelsea en lo que va de la temporada 2016-17, le quedan dos a\u00f1os de contrato con los <em>Blues<\/em>, y en los \u00faltimos meses se ha especulado sobre su marcha a la Superliga china, luego de los altercados con su t\u00e9cnico, Augusto Conte.<\/p>\n<p style=\"text-align: center;\"><a href=\"https:\/\/www.futboltotal.com.mx\/2017\/02\/gareth-bale-corre-casi-al-mismo-nivel-usain-bolt\/\"><span style=\"color: #3366ff;\">LEER M\u00c1S:\u00a0Gareth Bale corre casi al mismo nivel que Usain Bolt<\/span><\/a><\/p>\n<p>En el pasado mes de enero, su nombre se vincul\u00f3 con el Tianjin Quanjian, que estaba dispuesto a ofrecerle un lucrativo contrato valorado en torno a los 35.3 millones de euros.<\/p>\n<p>El delantero Diego Costa, de 28 a\u00f1os, lleg\u00f3 al club brit\u00e1nico Chelsea en el verano de 2014 procedente del Atl\u00e9tico de Madrid por 38 millones de euros.<\/p>\n<p><b>S\u00edguenos en <span id=\"m_-961058260780851233goog_2054972132\"><\/span>Twitter <a href=\"https:\/\/twitter.com\/MXFutbolTotal\" target=\"_blank\" data-saferedirecturl=\"https:\/\/www.google.com\/url?hl=es&amp;q=https:\/\/twitter.com\/MXFutbolTotal&amp;source=gmail&amp;ust=1487259915011000&amp;usg=AFQjCNHq8KUaZ7LunhxG0qGdx8wFW6Ci2g\">@MXFutbolTotal<\/a><\/b><\/p>\n","protected":false},"excerpt":{"rendered":"<p>Pese a las rencillas con su t\u00e9cnico, el delantero sigue entrando en planes.<\/p>\n","protected":false},"author":144,"featured_media":461153,"comment_status":"closed","ping_status":"closed","sticky":false,"template":"","format":"standard","meta":[],"categories":[7501,3839,3846],"tags":[6007,5981,3205,8139],"_links":{"self":[{"href":"http:\/\/desarrollo.grupomedios.com\/futbol\/wp-json\/wp\/v2\/posts\/461145"}],"collection":[{"href":"http:\/\/desarrollo.grupomedios.com\/futbol\/wp-json\/wp\/v2\/posts"}],"about":[{"href":"http:\/\/desarrollo.grupomedios.com\/futbol\/wp-json\/wp\/v2\/types\/post"}],"author":[{"embeddable":true,"href":"http:\/\/desarrollo.grupomedios.com\/futbol\/wp-json\/wp\/v2\/users\/144"}],"replies":[{"embeddable":true,"href":"http:\/\/desarrollo.grupomedios.com\/futbol\/wp-json\/wp\/v2\/comments?post=461145"}],"version-history":[{"count":0,"href":"http:\/\/desarrollo.grupomedios.com\/futbol\/wp-json\/wp\/v2\/posts\/461145\/revisions"}],"wp:featuredmedia":[{"embeddable":true,"href":"http:\/\/desarrollo.grupomedios.com\/futbol\/wp-json\/wp\/v2\/media\/461153"}],"wp:attachment":[{"href":"http:\/\/desarrollo.grupomedios.com\/futbol\/wp-json\/wp\/v2\/media?parent=461145"}],"wp:term":[{"taxonomy":"category","embeddable":true,"href":"http:\/\/desarrollo.grupomedios.com\/futbol\/wp-json\/wp\/v2\/categories?post=461145"},{"taxonomy":"post_tag","embeddable":true,"href":"http:\/\/desarrollo.grupomedios.com\/futbol\/wp-json\/wp\/v2\/tags?post=461145"}],"curies":[{"name":"wp","href":"https:\/\/api.w.org\/{rel}","templated":true}]}}