{"id":461165,"date":"2017-02-15T11:12:10","date_gmt":"2017-02-15T17:12:10","guid":{"rendered":"https:\/\/www.futboltotal.com.mx\/?p=461165"},"modified":"2017-02-15T11:13:20","modified_gmt":"2017-02-15T17:13:20","slug":"ir-al-city-pep-mi-numero-neuer","status":"publish","type":"post","link":"http:\/\/desarrollo.grupomedios.com\/futbol\/futbol-internacional\/ir-al-city-pep-mi-numero-neuer\/2017\/02","title":{"rendered":"&#8220;\u00bfIr al City? Pep tiene mi n\u00famero, pero&#8230;&#8221;: Neuer"},"content":{"rendered":"<p>El arquero alem\u00e1n\u00a0<strong>Manuel Neuer\u00a0<\/strong>cort\u00f3 los rumores sobre una posible salida del <strong>Bayern M\u00fanich<\/strong> para fichar con el <strong>Manchester City<\/strong> del entrenador Josep Guardiola.<\/p>\n<p>En la rueda de prensa previo al duelo de Champions League ante el Arsenal,<strong> Neuer<\/strong> descart\u00f3 que el timonel lo haya buscado en alg\u00fan momento para proponerle ir a laPremier League la pr\u00f3xima temporada y ocupar el sitio que tiene el arquero Claudio Bravo, quien ha tenido intermitencia y no ha estado a la altura del club, seg\u00fan publicaron diversos medios internacionales en d\u00edas pasados.<\/p>\n<p style=\"text-align: center;\"><a href=\"https:\/\/www.futboltotal.com.mx\/futbol-internacional\/\"><span style=\"color: #3366ff;\">LEER M\u00c1S: Todas las noticias de futbol internacional\u00a0<\/span><\/a><\/p>\n<blockquote><p>\u201cNo hubo contacto y, como usted sabe, estoy feliz y satisfecho aqu\u00ed. En realidad, he ampliado mi contrato. Me honra que haya especulaci\u00f3n y hablar de ello. Pep todav\u00eda tiene mi n\u00famero de tel\u00e9fono, pero \u00e9l no me ha llamado, as\u00ed que todo est\u00e1 bien&#8221;, declar\u00f3 el portero alem\u00e1n.<\/p><\/blockquote>\n<p><strong>Neuer<\/strong> asegur\u00f3 que si tiene un reencuentro con <em>Pep<\/em> solo ser\u00e1 si el Bayern logra avanzar a los Cuartos de Final de la Champions League y el Manchester City hace lo propio ante el M\u00f3naco.<\/p>\n<blockquote><p>&#8220;Tengo seis a\u00f1os en el Bayern y no buscar\u00eda otro equipo. Si veo a Pep con gusto lo saludar\u00e9, ha sido un gran entrenador durante el tiempo que estuvo al frente de nuestro club&#8221;, acot\u00f3 Neuer.<\/p><\/blockquote>\n<p><span style=\"color: #3366ff;\"><strong>S\u00edguenos en Twitter:<\/strong>\u00a0<a style=\"color: #3366ff;\" href=\"https:\/\/twitter.com\/MXFutbolTotal\" target=\"_blank\">@MXFutbolTotal<\/a><\/span><\/p>\n<p>&nbsp;<\/p>\n","protected":false},"excerpt":{"rendered":"<p>El portero habl\u00f3 sobre la posibilidad de cambiar al Bayern M\u00fanich por el Manchester City.<\/p>\n","protected":false},"author":20,"featured_media":461170,"comment_status":"closed","ping_status":"closed","sticky":false,"template":"","format":"standard","meta":[],"categories":[3841,3839,6822],"tags":[2662,5993,6841,5272],"_links":{"self":[{"href":"http:\/\/desarrollo.grupomedios.com\/futbol\/wp-json\/wp\/v2\/posts\/461165"}],"collection":[{"href":"http:\/\/desarrollo.grupomedios.com\/futbol\/wp-json\/wp\/v2\/posts"}],"about":[{"href":"http:\/\/desarrollo.grupomedios.com\/futbol\/wp-json\/wp\/v2\/types\/post"}],"author":[{"embeddable":true,"href":"http:\/\/desarrollo.grupomedios.com\/futbol\/wp-json\/wp\/v2\/users\/20"}],"replies":[{"embeddable":true,"href":"http:\/\/desarrollo.grupomedios.com\/futbol\/wp-json\/wp\/v2\/comments?post=461165"}],"version-history":[{"count":0,"href":"http:\/\/desarrollo.grupomedios.com\/futbol\/wp-json\/wp\/v2\/posts\/461165\/revisions"}],"wp:featuredmedia":[{"embeddable":true,"href":"http:\/\/desarrollo.grupomedios.com\/futbol\/wp-json\/wp\/v2\/media\/461170"}],"wp:attachment":[{"href":"http:\/\/desarrollo.grupomedios.com\/futbol\/wp-json\/wp\/v2\/media?parent=461165"}],"wp:term":[{"taxonomy":"category","embeddable":true,"href":"http:\/\/desarrollo.grupomedios.com\/futbol\/wp-json\/wp\/v2\/categories?post=461165"},{"taxonomy":"post_tag","embeddable":true,"href":"http:\/\/desarrollo.grupomedios.com\/futbol\/wp-json\/wp\/v2\/tags?post=461165"}],"curies":[{"name":"wp","href":"https:\/\/api.w.org\/{rel}","templated":true}]}}