{"id":461188,"date":"2017-02-15T12:07:29","date_gmt":"2017-02-15T18:07:29","guid":{"rendered":"https:\/\/www.futboltotal.com.mx\/?p=461188"},"modified":"2017-02-15T12:09:09","modified_gmt":"2017-02-15T18:09:09","slug":"leon-confirma-maxi-moralez-se-va-a-la-mls","status":"publish","type":"post","link":"http:\/\/desarrollo.grupomedios.com\/futbol\/futbol-mexicano\/leon-confirma-maxi-moralez-se-va-a-la-mls\/2017\/02","title":{"rendered":"Le\u00f3n confirma que Maxi Mor\u00e1lez se va a la MLS"},"content":{"rendered":"<p>Termin\u00f3 la aventura de <strong>Maxi Mor\u00e1lez<\/strong> en la Liga MX. Este mi\u00e9rcoles el Le\u00f3n oficializ\u00f3 la marcha del mediocampista argentino, de 29 a\u00f1os, quien lleg\u00f3 a un acuerdo para fichar con el <strong>New York City FC<\/strong> de la <strong>MLS.<\/strong><\/p>\n<p>Los<em> Panzas Verdes<\/em>\u00a0confirmaron la transferencia y desearon suerte a su exjugador, a trav\u00e9s de su cuenta de <em>twitter<\/em>: &#8220;Te deseamos el mayor de los \u00e9xitos en la MLS&#8221;.<\/p>\n<p style=\"text-align: center;\"><a href=\"https:\/\/www.futboltotal.com.mx\/futbol-mexicano\/\"><span style=\"color: #3366ff;\">LEER M\u00c1S: Todas las noticias de futbol mexicano<\/span><\/a><\/p>\n<blockquote class=\"twitter-tweet\" data-lang=\"en\">\n<p dir=\"ltr\" lang=\"es\"><a href=\"https:\/\/twitter.com\/hashtag\/Oficial?src=hash\">#Oficial<\/a><br \/>\nEl jugador Maxi Moralez ha sido transferido a <a href=\"https:\/\/twitter.com\/NYCFCEspanol\">@NYCFCEspanol<\/a>. Te deseamos el mayor de los \u00e9xitos en la <a href=\"https:\/\/twitter.com\/MLS\">@MLS<\/a>. <a href=\"https:\/\/t.co\/TfHUCzPXVR\">pic.twitter.com\/TfHUCzPXVR<\/a><\/p>\n<p>\u2014 Club Le\u00f3n (@clubleonfc) <a href=\"https:\/\/twitter.com\/clubleonfc\/status\/831911604866347008\">February 15, 2017<\/a><\/p><\/blockquote>\n<p><script async src=\"\/\/platform.twitter.com\/widgets.js\" charset=\"utf-8\"><\/script><br \/>\n<strong>Maxi Mor\u00e1lez<\/strong> lleg\u00f3 al Le\u00f3n en el verano de 2016 y en poco m\u00e1s de un a\u00f1o vistiendo la camiseta <em>esmeralda<\/em> disput\u00f3 un par de torneo. Su mejor rendimiento lo tuvo en el Clausura de aquel a\u00f1o marcando 4 goles en 16 juegos.<\/p>\n<p>En el actual Clausura 2017 solo disput\u00f3 tres duelos y marc\u00f3 un gol. Esta ser\u00e1 la cuarta ocasi\u00f3n que juegue fuera de su natal Argentina, tras su paso discreto por el FC Mosc\u00fa (2007), Atalanta (2011-15) y el Le\u00f3n (2016).<\/p>\n<p><span style=\"color: #3366ff;\"><strong>S\u00edguenos en Twitter:<\/strong>\u00a0<a style=\"color: #3366ff;\" href=\"https:\/\/twitter.com\/MXFutbolTotal\" target=\"_blank\">@MXFutbolTotal<\/a><\/span><\/p>\n","protected":false},"excerpt":{"rendered":"<p>El mediocampista argentino firm\u00f3 contrato con el NYC y ahora jugar\u00e1 al lado de Andrea Pirlo.<\/p>\n","protected":false},"author":20,"featured_media":461191,"comment_status":"closed","ping_status":"closed","sticky":false,"template":"","format":"standard","meta":[],"categories":[3839,2198,3845],"tags":[5965,6640],"_links":{"self":[{"href":"http:\/\/desarrollo.grupomedios.com\/futbol\/wp-json\/wp\/v2\/posts\/461188"}],"collection":[{"href":"http:\/\/desarrollo.grupomedios.com\/futbol\/wp-json\/wp\/v2\/posts"}],"about":[{"href":"http:\/\/desarrollo.grupomedios.com\/futbol\/wp-json\/wp\/v2\/types\/post"}],"author":[{"embeddable":true,"href":"http:\/\/desarrollo.grupomedios.com\/futbol\/wp-json\/wp\/v2\/users\/20"}],"replies":[{"embeddable":true,"href":"http:\/\/desarrollo.grupomedios.com\/futbol\/wp-json\/wp\/v2\/comments?post=461188"}],"version-history":[{"count":0,"href":"http:\/\/desarrollo.grupomedios.com\/futbol\/wp-json\/wp\/v2\/posts\/461188\/revisions"}],"wp:featuredmedia":[{"embeddable":true,"href":"http:\/\/desarrollo.grupomedios.com\/futbol\/wp-json\/wp\/v2\/media\/461191"}],"wp:attachment":[{"href":"http:\/\/desarrollo.grupomedios.com\/futbol\/wp-json\/wp\/v2\/media?parent=461188"}],"wp:term":[{"taxonomy":"category","embeddable":true,"href":"http:\/\/desarrollo.grupomedios.com\/futbol\/wp-json\/wp\/v2\/categories?post=461188"},{"taxonomy":"post_tag","embeddable":true,"href":"http:\/\/desarrollo.grupomedios.com\/futbol\/wp-json\/wp\/v2\/tags?post=461188"}],"curies":[{"name":"wp","href":"https:\/\/api.w.org\/{rel}","templated":true}]}}