{"id":461195,"date":"2017-02-15T12:31:14","date_gmt":"2017-02-15T18:31:14","guid":{"rendered":"https:\/\/www.futboltotal.com.mx\/?p=461195"},"modified":"2017-02-15T12:31:14","modified_gmt":"2017-02-15T18:31:14","slug":"shakira-inspira-las-burlas-contra-pique-barcelona","status":"publish","type":"post","link":"http:\/\/desarrollo.grupomedios.com\/futbol\/futbol-internacional\/shakira-inspira-las-burlas-contra-pique-barcelona\/2017\/02","title":{"rendered":"Shakira inspira las burlas contra Piqu\u00e9 y el Barcelona"},"content":{"rendered":"<p>Las burlas y cr\u00edticas en torno a la tremenda goleada que el <strong>Barcelona<\/strong> sufri\u00f3 en la ida de octavos de final de la <strong>Champions League<\/strong> ante el <strong>PSG<\/strong> no paran e incluso la cantante colombiana <strong>Shakira<\/strong> ha ayudado indirectamente a que los aficionados no tengan piedad de su pareja, Gerard <strong>Piqu\u00e9<\/strong>, y el equipo cul\u00e9.<\/p>\n<p>Usuarios de redes sociales han aprovechado una imagen de la bella colombiana que public\u00f3 el pasado 2 de febrero, con motivo del festejo de su cumplea\u00f1os 40,\u00a0que sirve a la perfecci\u00f3n para hacer referencia del 4-0 que sufrieron los barcelonistas.<\/p>\n<p><a href=\"https:\/\/www.futboltotal.com.mx\/2017\/02\/resultado-psg-4-0-barcelona-champions-league-octavos-final-ida\/\">VER M\u00c1S: PSG ENAMOR\u00d3 Y HUMILL\u00d3 AL BARCELONA CON TREMENDA GOLEADA<\/a><\/p>\n<p>Como si lo hubiera adivinado un par de semanas antes, una sonriente Shakira &#8216;depar\u00f3&#8217; la dolorosa ca\u00edda del Barcelona, club del que Piqu\u00e9, padre de sus dos hijos, es figura.<\/p>\n<p><a href=\"https:\/\/www.futboltotal.com.mx\/wp-content\/uploads\/2017\/02\/Shakira.jpg\"><img decoding=\"async\" loading=\"lazy\" class=\"aligncenter size-full wp-image-461201\" src=\"https:\/\/www.futboltotal.com.mx\/wp-content\/uploads\/2017\/02\/Shakira.jpg\" alt=\"Shakira inspira las burlas contra Piqu\u00e9 y el Barcelona 0\" srcset=\"http:\/\/desarrollo.grupomedios.com\/futbol\/wp-content\/uploads\/2017\/02\/Shakira.jpg 900w, http:\/\/desarrollo.grupomedios.com\/futbol\/wp-content\/uploads\/2017\/02\/Shakira-300x284.jpg 300w, http:\/\/desarrollo.grupomedios.com\/futbol\/wp-content\/uploads\/2017\/02\/Shakira-768x726.jpg 768w\" sizes=\"(max-width: 900px) 100vw, 900px\" \/><\/a><\/p>\n<p class=\"p1\"><a href=\"https:\/\/www.futboltotal.com.mx\/2017\/02\/los-mejores-memes-la-goleada-al-barcelona\/\">VER M\u00c1S: LOS MEJORES MEMES DE LA GOLEADA AL BARCELONA<\/a><\/p>\n<p class=\"p1\"><span class=\"s1\"><b>S\u00edguenos en Twitter<\/b>:\u00a0<a href=\"https:\/\/twitter.com\/MXFutbolTotal\"><span class=\"s2\">@MXFutbolTotal<\/span><\/a><\/span><\/p>\n","protected":false},"excerpt":{"rendered":"<p>Usuarios usan una imagen de la colombiana para recordar el 4-0 que sufrieron los barcelonistas.<\/p>\n","protected":false},"author":20,"featured_media":461197,"comment_status":"closed","ping_status":"closed","sticky":false,"template":"","format":"standard","meta":[],"categories":[5419,3841,3839],"tags":[2086,5984,97,36,841,114,2005],"_links":{"self":[{"href":"http:\/\/desarrollo.grupomedios.com\/futbol\/wp-json\/wp\/v2\/posts\/461195"}],"collection":[{"href":"http:\/\/desarrollo.grupomedios.com\/futbol\/wp-json\/wp\/v2\/posts"}],"about":[{"href":"http:\/\/desarrollo.grupomedios.com\/futbol\/wp-json\/wp\/v2\/types\/post"}],"author":[{"embeddable":true,"href":"http:\/\/desarrollo.grupomedios.com\/futbol\/wp-json\/wp\/v2\/users\/20"}],"replies":[{"embeddable":true,"href":"http:\/\/desarrollo.grupomedios.com\/futbol\/wp-json\/wp\/v2\/comments?post=461195"}],"version-history":[{"count":0,"href":"http:\/\/desarrollo.grupomedios.com\/futbol\/wp-json\/wp\/v2\/posts\/461195\/revisions"}],"wp:featuredmedia":[{"embeddable":true,"href":"http:\/\/desarrollo.grupomedios.com\/futbol\/wp-json\/wp\/v2\/media\/461197"}],"wp:attachment":[{"href":"http:\/\/desarrollo.grupomedios.com\/futbol\/wp-json\/wp\/v2\/media?parent=461195"}],"wp:term":[{"taxonomy":"category","embeddable":true,"href":"http:\/\/desarrollo.grupomedios.com\/futbol\/wp-json\/wp\/v2\/categories?post=461195"},{"taxonomy":"post_tag","embeddable":true,"href":"http:\/\/desarrollo.grupomedios.com\/futbol\/wp-json\/wp\/v2\/tags?post=461195"}],"curies":[{"name":"wp","href":"https:\/\/api.w.org\/{rel}","templated":true}]}}