{"id":461248,"date":"2017-02-15T14:10:39","date_gmt":"2017-02-15T20:10:39","guid":{"rendered":"https:\/\/www.futboltotal.com.mx\/?p=461248"},"modified":"2017-02-15T14:26:45","modified_gmt":"2017-02-15T20:26:45","slug":"cecilio-seria-baja-america-clasico-y-no-la-unica","status":"publish","type":"post","link":"http:\/\/desarrollo.grupomedios.com\/futbol\/destacado-home\/cecilio-seria-baja-america-clasico-y-no-la-unica\/2017\/02","title":{"rendered":"Cecilio ser\u00eda baja con Am\u00e9rica para el Cl\u00e1sico&#8230; y no la \u00fanica"},"content":{"rendered":"<p>Se ha confirmado que el paraguayo <strong>Cecilio Dom\u00ednguez<\/strong>, \u00faltimo refuerzo del <strong>Am\u00e9rica<\/strong> quien ha ilusionado a la afici\u00f3n azulcrema con sus goles, sufre una luxaci\u00f3n de su hombro izquierdo, por lo que su participaci\u00f3n en el <strong>Cl\u00e1sico<\/strong> contra las <strong>Chivas<\/strong> est\u00e1 en duda.<\/p>\n<p>El volante ofensivo guaran\u00ed sali\u00f3 lesionado del juego de <strong>Copa MX<\/strong> en el que las <em>\u00c1guilas<\/em> derrotaron a <strong>Coras<\/strong> por 1-0, afectando el 11 inicial que est\u00e1 trabajando el t\u00e9cnico Ricardo La Volpe.<\/p>\n<p><a href=\"https:\/\/www.futboltotal.com.mx\/2017\/02\/alarmas-en-america-se-lesiona-cecilio-dominguez\/\">VER M\u00c1S: CECILIO DOM\u00cdNGUEZ, EN DUDA PARA EL CL\u00c1SICO<\/a><\/p>\n<p>Sin embargo, Dom\u00ednguez no ser\u00eda la \u00fanica baja que los azulcremas tuvieran para el duelo ante el Reba\u00f1o, ya que el ecuatoriano Renato S\u00e1nchez y los paraguayos Pablo Aguilar y Bruno Valdez tampoco entrenaron a la par del resto del plantel, lo que enciende las alarmas en Coapa.<\/p>\n<p>&nbsp;<\/p>\n<blockquote class=\"twitter-tweet\" data-lang=\"es\">\n<p dir=\"ltr\" lang=\"es\">Nos vamos a recuperar &#x1f4aa;&#x1f3fc;&#x1f4aa;&#x1f3fc;&#x1f4aa;&#x1f3fc; Buena victoria la de hoy\u26bd\ufe0f &#x1f3c3;&#x1f3fe; &#8220;T&#8221; <a href=\"https:\/\/t.co\/gzhv5Z7efk\">pic.twitter.com\/gzhv5Z7efk<\/a><\/p>\n<p>\u2014 Cecilio Dominguez (@11_dominguez94) <a href=\"https:\/\/twitter.com\/11_dominguez94\/status\/831733932924268545\">15 de febrero de 2017<\/a><\/p><\/blockquote>\n<p><script async src=\"\/\/platform.twitter.com\/widgets.js\" charset=\"utf-8\"><\/script><\/p>\n<p><a href=\"https:\/\/www.futboltotal.com.mx\/2017\/02\/resultado-copa-mx-america-1-0-coras\/\">VER M\u00c1S: \u00a1AM\u00c9RICA SE DESQUITA DE CORAS EN COPA MX!<\/a><\/p>\n<p class=\"p1\"><span class=\"s1\"><b>S\u00edguenos en Twitter<\/b>:\u00a0<a href=\"https:\/\/twitter.com\/MXFutbolTotal\"><span class=\"s2\">@MXFutbolTotal<\/span><\/a><\/span><\/p>\n","protected":false},"excerpt":{"rendered":"<p>El refuerzo azulcrema sufre una luxaci\u00f3n de su hombro izquierdo, siendo duda ante Chivas.<\/p>\n","protected":false},"author":20,"featured_media":461250,"comment_status":"closed","ping_status":"closed","sticky":false,"template":"","format":"standard","meta":[],"categories":[5,2198,3845],"tags":[1585,5959,8010,7881,70,1158,5963,64],"_links":{"self":[{"href":"http:\/\/desarrollo.grupomedios.com\/futbol\/wp-json\/wp\/v2\/posts\/461248"}],"collection":[{"href":"http:\/\/desarrollo.grupomedios.com\/futbol\/wp-json\/wp\/v2\/posts"}],"about":[{"href":"http:\/\/desarrollo.grupomedios.com\/futbol\/wp-json\/wp\/v2\/types\/post"}],"author":[{"embeddable":true,"href":"http:\/\/desarrollo.grupomedios.com\/futbol\/wp-json\/wp\/v2\/users\/20"}],"replies":[{"embeddable":true,"href":"http:\/\/desarrollo.grupomedios.com\/futbol\/wp-json\/wp\/v2\/comments?post=461248"}],"version-history":[{"count":0,"href":"http:\/\/desarrollo.grupomedios.com\/futbol\/wp-json\/wp\/v2\/posts\/461248\/revisions"}],"wp:featuredmedia":[{"embeddable":true,"href":"http:\/\/desarrollo.grupomedios.com\/futbol\/wp-json\/wp\/v2\/media\/461250"}],"wp:attachment":[{"href":"http:\/\/desarrollo.grupomedios.com\/futbol\/wp-json\/wp\/v2\/media?parent=461248"}],"wp:term":[{"taxonomy":"category","embeddable":true,"href":"http:\/\/desarrollo.grupomedios.com\/futbol\/wp-json\/wp\/v2\/categories?post=461248"},{"taxonomy":"post_tag","embeddable":true,"href":"http:\/\/desarrollo.grupomedios.com\/futbol\/wp-json\/wp\/v2\/tags?post=461248"}],"curies":[{"name":"wp","href":"https:\/\/api.w.org\/{rel}","templated":true}]}}