{"id":461337,"date":"2017-02-15T16:25:55","date_gmt":"2017-02-15T22:25:55","guid":{"rendered":"https:\/\/www.futboltotal.com.mx\/?p=461337"},"modified":"2017-02-15T16:25:55","modified_gmt":"2017-02-15T22:25:55","slug":"maradona-motivo-al-napoles-en-vestidor","status":"publish","type":"post","link":"http:\/\/desarrollo.grupomedios.com\/futbol\/futbol-internacional\/maradona-motivo-al-napoles-en-vestidor\/2017\/02","title":{"rendered":"\u00a1Maradona motiv\u00f3 al N\u00e1poles en el vestidor!"},"content":{"rendered":"<p><strong>Diego Armando Maradona<\/strong> acudi\u00f3 al Santiago Bernab\u00e9u para presenciar el duelo de Ida de Octavos de Final entre el <strong>Real Madrid<\/strong> y el <strong>Napoli<\/strong>. Su presencia en las gradas caus\u00f3 gran expectaci\u00f3n y acapar\u00f3 reflectores cuando el <em>Pelusa<\/em>\u00a0se col\u00f3 hasta el vestidor del cuadro italiano para dar a los chicos de Maurizio Sarri a una charla motivacional.<\/p>\n<p><strong>Maradona <\/strong>record\u00f3 sus mejores a\u00f1os como jugador y no dud\u00f3 en tomar partido previo al duelo. El genio lleg\u00f3 de sorpresa, se quit\u00f3 el saco y luego se coloc\u00f3 al centro de un c\u00edrculo que form\u00f3 la plantilla <em>azzurri\u00a0<\/em>para dar un discurso.\u00a0Areng\u00f3 a los jugadores a darlo todo en la cancha.<\/p>\n<p style=\"text-align: center;\"><a href=\"https:\/\/www.futboltotal.com.mx\/futbol-internacional\/\"><span style=\"color: #3366ff;\">LEER M\u00c1S: El Real Madrid impone su ley en el Bernab\u00e9u\u00a0<\/span><\/a><\/p>\n<p>Tras terminar la charla,<strong> Maradona<\/strong> tom\u00f3 su sitio en uno de los palcos del coloso y estuvo apartado de los altos mandos de ambos clubes. Disfrut\u00f3 y sufri\u00f3 el partido de principio a fin junto a su novia. Se ilusion\u00f3 con el gol de Lorenzo Insigne en el primer tiempo y se puso serio cuando Benzema emparejo el partido. En el complemento se le borr\u00f3 la sonrisa con los golazos de Toni Kroos y Casemiro que sentenciaron el 3-1.<\/p>\n<p>Al t\u00e9rmino del partido, <strong>Maradona<\/strong> sali\u00f3 del Bernab\u00e9u con el rostro desencajado, pero con la convicci\u00f3n de que aun quedan 90 minutos en los que todo puede pasar. Quiz\u00e1 el Napoli repita la gesta de 1987, cuando con \u00e9l al mando lograron echar al Real Madrid en la primera ronda de la entonces Copa de Europa.<\/p>\n<p><span style=\"color: #3366ff;\"><strong>S\u00edguenos en Twitter:<\/strong>\u00a0<a style=\"color: #3366ff;\" href=\"https:\/\/twitter.com\/MXFutbolTotal\" target=\"_blank\">@MXFutbolTotal<\/a><\/span><\/p>\n<p>&nbsp;<\/p>\n","protected":false},"excerpt":{"rendered":"<p>El Genio dio la \u00faltima charla antes de que los Azzurri saltaran al campo del Bernab\u00e9u.<\/p>\n","protected":false},"author":20,"featured_media":461339,"comment_status":"closed","ping_status":"closed","sticky":false,"template":"","format":"standard","meta":[],"categories":[3841,3839,5951],"tags":[690,160],"_links":{"self":[{"href":"http:\/\/desarrollo.grupomedios.com\/futbol\/wp-json\/wp\/v2\/posts\/461337"}],"collection":[{"href":"http:\/\/desarrollo.grupomedios.com\/futbol\/wp-json\/wp\/v2\/posts"}],"about":[{"href":"http:\/\/desarrollo.grupomedios.com\/futbol\/wp-json\/wp\/v2\/types\/post"}],"author":[{"embeddable":true,"href":"http:\/\/desarrollo.grupomedios.com\/futbol\/wp-json\/wp\/v2\/users\/20"}],"replies":[{"embeddable":true,"href":"http:\/\/desarrollo.grupomedios.com\/futbol\/wp-json\/wp\/v2\/comments?post=461337"}],"version-history":[{"count":0,"href":"http:\/\/desarrollo.grupomedios.com\/futbol\/wp-json\/wp\/v2\/posts\/461337\/revisions"}],"wp:featuredmedia":[{"embeddable":true,"href":"http:\/\/desarrollo.grupomedios.com\/futbol\/wp-json\/wp\/v2\/media\/461339"}],"wp:attachment":[{"href":"http:\/\/desarrollo.grupomedios.com\/futbol\/wp-json\/wp\/v2\/media?parent=461337"}],"wp:term":[{"taxonomy":"category","embeddable":true,"href":"http:\/\/desarrollo.grupomedios.com\/futbol\/wp-json\/wp\/v2\/categories?post=461337"},{"taxonomy":"post_tag","embeddable":true,"href":"http:\/\/desarrollo.grupomedios.com\/futbol\/wp-json\/wp\/v2\/tags?post=461337"}],"curies":[{"name":"wp","href":"https:\/\/api.w.org\/{rel}","templated":true}]}}