{"id":461338,"date":"2017-02-15T16:24:09","date_gmt":"2017-02-15T22:24:09","guid":{"rendered":"https:\/\/www.futboltotal.com.mx\/?p=461338"},"modified":"2017-02-15T16:24:09","modified_gmt":"2017-02-15T22:24:09","slug":"marco-fabian-jugara-en-estados-unidos-proximo-verano","status":"publish","type":"post","link":"http:\/\/desarrollo.grupomedios.com\/futbol\/futbol-internacional\/marco-fabian-jugara-en-estados-unidos-proximo-verano\/2017\/02","title":{"rendered":"Marco Fabi\u00e1n jugar\u00e1 en Estados Unidos el pr\u00f3ximo verano"},"content":{"rendered":"<p><strong>Eintracht Frankfurt<\/strong> anunci\u00f3 a trav\u00e9s de sus redes sociales que har\u00e1n una gira por Estados Unidos en julio como parte de su pretemporada ante tres equipos de la MLS.<\/p>\n<p>El equipo de las \u00c1guilas se presentar\u00e1 ante el <strong>Seattle Sounders, San Jos\u00e9 y el Columbus Crew<\/strong> del 8 al 16 de julio del 2017. El primer juego ser\u00e1 ante el Seattle el 8 del mes.<\/p>\n<p style=\"text-align: center;\"><span style=\"color: #3366ff;\"><a style=\"color: #3366ff;\" href=\"https:\/\/www.futboltotal.com.mx\/2017\/02\/chivas-contara-refuerzo-lujo-directo-la-nfl\/\" target=\"_blank\">LEER M\u00c1S: Chivas contar\u00e1 con refuerzo de lujo directo de la NFL<\/a><\/span><\/p>\n<blockquote><p>\u201cJugar contra un equipo top de la Bundesliga por primera vez es una oportunidad de mostrarse contra un representante fuerte de uno de los pa\u00edses m\u00e1s prominentes del soccer a nivel mundial\u201d, declar\u00f3\u00a0Adrian Hanauer due\u00f1o de los <strong>Sounders.<\/strong><\/p><\/blockquote>\n<p>Se espera que <strong>Fabi\u00e1n<\/strong> ya est\u00e9 recuperado para dichos juegos e incluso antes de que termine la temporada, pues demostr\u00f3 ser uno de los pilares del equipo en la primera parte de la Bundesliga.<\/p>\n<p>&nbsp;<\/p>\n<blockquote class=\"twitter-tweet\" data-lang=\"es\">\n<p dir=\"ltr\" lang=\"es\">\u00a1<a href=\"https:\/\/twitter.com\/hashtag\/Eintracht?src=hash\">#Eintracht<\/a> har\u00e1 tour en EUA!<\/p>\n<p>Nos prepararemos para la 2017\/18 en julio dentro de :<\/p>\n<p> <a href=\"https:\/\/twitter.com\/SoundersFC\">@SoundersFC<\/a><br \/>\n <a href=\"https:\/\/twitter.com\/SJEarthquakes\">@SJEarthquakes<\/a><br \/>\n <a href=\"https:\/\/twitter.com\/ColumbusCrewSC\">@ColumbusCrewSC<\/a> <a href=\"https:\/\/t.co\/fgWTZ4MJGO\">pic.twitter.com\/fgWTZ4MJGO<\/a><\/p>\n<p>\u2014 eintracht_esp (@eintracht_esp) <a href=\"https:\/\/twitter.com\/eintracht_esp\/status\/831961992311115776\">15 de febrero de 2017<\/a><\/p><\/blockquote>\n<p><script async src=\"\/\/platform.twitter.com\/widgets.js\" charset=\"utf-8\"><\/script><\/p>\n<p>S\u00edguenos en Twitter: <a href=\"https:\/\/twitter.com\/MXFutbolTotal\" target=\"_blank\">@MXFutbolTotal<\/a><\/p>\n","protected":false},"excerpt":{"rendered":"<p>El mexicano visitar\u00e1 el pa\u00eds norteamericano junto al Frankfurt. <\/p>\n","protected":false},"author":20,"featured_media":461341,"comment_status":"closed","ping_status":"closed","sticky":false,"template":"","format":"standard","meta":[],"categories":[3839,6718],"tags":[3588,131],"_links":{"self":[{"href":"http:\/\/desarrollo.grupomedios.com\/futbol\/wp-json\/wp\/v2\/posts\/461338"}],"collection":[{"href":"http:\/\/desarrollo.grupomedios.com\/futbol\/wp-json\/wp\/v2\/posts"}],"about":[{"href":"http:\/\/desarrollo.grupomedios.com\/futbol\/wp-json\/wp\/v2\/types\/post"}],"author":[{"embeddable":true,"href":"http:\/\/desarrollo.grupomedios.com\/futbol\/wp-json\/wp\/v2\/users\/20"}],"replies":[{"embeddable":true,"href":"http:\/\/desarrollo.grupomedios.com\/futbol\/wp-json\/wp\/v2\/comments?post=461338"}],"version-history":[{"count":0,"href":"http:\/\/desarrollo.grupomedios.com\/futbol\/wp-json\/wp\/v2\/posts\/461338\/revisions"}],"wp:featuredmedia":[{"embeddable":true,"href":"http:\/\/desarrollo.grupomedios.com\/futbol\/wp-json\/wp\/v2\/media\/461341"}],"wp:attachment":[{"href":"http:\/\/desarrollo.grupomedios.com\/futbol\/wp-json\/wp\/v2\/media?parent=461338"}],"wp:term":[{"taxonomy":"category","embeddable":true,"href":"http:\/\/desarrollo.grupomedios.com\/futbol\/wp-json\/wp\/v2\/categories?post=461338"},{"taxonomy":"post_tag","embeddable":true,"href":"http:\/\/desarrollo.grupomedios.com\/futbol\/wp-json\/wp\/v2\/tags?post=461338"}],"curies":[{"name":"wp","href":"https:\/\/api.w.org\/{rel}","templated":true}]}}