{"id":461348,"date":"2017-02-15T17:15:15","date_gmt":"2017-02-15T23:15:15","guid":{"rendered":"https:\/\/www.futboltotal.com.mx\/?p=461348"},"modified":"2017-02-15T17:44:00","modified_gmt":"2017-02-15T23:44:00","slug":"german-villa-si-america-pierde-clasico-vs-chivas-la-volpe-se-debe-ir","status":"publish","type":"post","link":"http:\/\/desarrollo.grupomedios.com\/futbol\/destacado-home\/german-villa-si-america-pierde-clasico-vs-chivas-la-volpe-se-debe-ir\/2017\/02","title":{"rendered":"Villa: &#8220;Si Am\u00e9rica pierde el Cl\u00e1sico, La Volpe se debe ir&#8221;"},"content":{"rendered":"<p>A d\u00edas de que se dispute el <strong>Cl\u00e1sico<\/strong> del futbol mexicano entre <strong>Chivas<\/strong> y <strong>Am\u00e9rica<\/strong>, ex futbolistas que en su momento disputaron este encuentro aparecen para calentar el ambiente, m\u00e1s si las \u00c1guilas de Ricardo <strong>La Volpe<\/strong> no levantan.<\/p>\n<p><strong>Germ\u00e1n Villa<\/strong>, quien en su momento fue un emblema azulcrema como parte de la generaci\u00f3n de <strong>Cuauht\u00e9moc Blanco<\/strong>, declar\u00f3 en entrevista para TVC Deportes que la responsabilidad de estar al frente del Am\u00e9rica ha rebasado al <em>Bigot\u00f3n<\/em>.<\/p>\n<p>&#8220;(\u00bfLe queda grande?) Yo la verdad creo que s\u00ed, hoy es su segunda oportunidad y en esas dos oportunidades que ha tenido siempre ha habido qu\u00e9 decir del t\u00e9cnico, estoy de acuerdo que la diferencia tambi\u00e9n la hacen los planteles y quiz\u00e1 el plantel que tiene no est\u00e9 dando el ancho para lo que es el Am\u00e9rica, hay pocos canteranos y muchos extranjeros&#8221;, asegur\u00f3 Villa.<\/p>\n<p><a href=\"https:\/\/www.futboltotal.com.mx\/2017\/02\/cecilio-seria-baja-america-clasico-y-no-la-unica\/\">VER M\u00c1S: CECILIO SER\u00cdA BAJA CON AM\u00c9RICA PARA EL CL\u00c1SICO&#8230; Y NO LA \u00daNICA<\/a><\/p>\n<p>Incluso, Germ\u00e1n no dej\u00f3 ah\u00ed sus cr\u00edticas al trabajo del entrenador argentino, quien desde su punto de vista no deber\u00eda mantenerse en el cargo si es que el resultado que obtengan las <em>\u00c1guilas<\/em> en el estadio Chivas resulta adverso.<\/p>\n<p>&#8220;No est\u00e1n jugando nada bien. Yo estaba a favor de que La Volpe dirigiera al Am\u00e9rica, pero no ha comprendido que est\u00e1 en el equipo m\u00e1s grande\u00a0(&#8230;) S\u00ed el Am\u00e9rica pierde en Guadalajara, La Volpe se tiene que ir&#8221;, a\u00f1adi\u00f3.<\/p>\n<p><a href=\"https:\/\/www.futboltotal.com.mx\/2017\/02\/la-volpe-trataba-mal-a-los-jugadores-bofo\/\">VER M\u00c1S: LA VOLPE TRATABA MAL A LOS JUGADORES: BOFO<\/a><\/p>\n<p class=\"p1\"><span class=\"s1\"><b>S\u00edguenos en Twitter<\/b>:\u00a0<a href=\"https:\/\/twitter.com\/MXFutbolTotal\"><span class=\"s2\">@MXFutbolTotal<\/span><\/a><\/span><\/p>\n","protected":false},"excerpt":{"rendered":"<p>El ex jugador de las \u00c1guilas acept\u00f3 que al Bigot\u00f3n le ha quedado grande el equipo de Coapa.<\/p>\n","protected":false},"author":20,"featured_media":461350,"comment_status":"closed","ping_status":"closed","sticky":false,"template":"","format":"standard","meta":[],"categories":[5,2198,3845],"tags":[1585,5959,70,1158,8226,5963,7440,64,387,767,1877],"_links":{"self":[{"href":"http:\/\/desarrollo.grupomedios.com\/futbol\/wp-json\/wp\/v2\/posts\/461348"}],"collection":[{"href":"http:\/\/desarrollo.grupomedios.com\/futbol\/wp-json\/wp\/v2\/posts"}],"about":[{"href":"http:\/\/desarrollo.grupomedios.com\/futbol\/wp-json\/wp\/v2\/types\/post"}],"author":[{"embeddable":true,"href":"http:\/\/desarrollo.grupomedios.com\/futbol\/wp-json\/wp\/v2\/users\/20"}],"replies":[{"embeddable":true,"href":"http:\/\/desarrollo.grupomedios.com\/futbol\/wp-json\/wp\/v2\/comments?post=461348"}],"version-history":[{"count":0,"href":"http:\/\/desarrollo.grupomedios.com\/futbol\/wp-json\/wp\/v2\/posts\/461348\/revisions"}],"wp:featuredmedia":[{"embeddable":true,"href":"http:\/\/desarrollo.grupomedios.com\/futbol\/wp-json\/wp\/v2\/media\/461350"}],"wp:attachment":[{"href":"http:\/\/desarrollo.grupomedios.com\/futbol\/wp-json\/wp\/v2\/media?parent=461348"}],"wp:term":[{"taxonomy":"category","embeddable":true,"href":"http:\/\/desarrollo.grupomedios.com\/futbol\/wp-json\/wp\/v2\/categories?post=461348"},{"taxonomy":"post_tag","embeddable":true,"href":"http:\/\/desarrollo.grupomedios.com\/futbol\/wp-json\/wp\/v2\/tags?post=461348"}],"curies":[{"name":"wp","href":"https:\/\/api.w.org\/{rel}","templated":true}]}}