{"id":461353,"date":"2017-02-15T17:24:32","date_gmt":"2017-02-15T23:24:32","guid":{"rendered":"https:\/\/www.futboltotal.com.mx\/?p=461353"},"modified":"2017-02-15T17:24:32","modified_gmt":"2017-02-15T23:24:32","slug":"guemez-ridiculo-intentar-imitar-a-cuauhtemoc","status":"publish","type":"post","link":"http:\/\/desarrollo.grupomedios.com\/futbol\/futbol-mexicano\/guemez-ridiculo-intentar-imitar-a-cuauhtemoc\/2017\/02","title":{"rendered":"G\u00fcemez hace el rid\u00edculo por intentar imitar a Cuauht\u00e9moc"},"content":{"rendered":"<p>El juego de Copa Mx entre Am\u00e9rica y Coras se llev\u00f3 acabo el martes, en donde el conjunto capitalino se llev\u00f3 la victoria 1-0 sobre el cuadro de Ascenso MX.<\/p>\n<p>Uno de los momentos m\u00e1s vistos del partido fue el intento de &#8220;Cuauhtemi\u00f1a&#8221; que realiz\u00f3 <strong>Javier G\u00fcemez<\/strong> durante el encuentro, pero su imitaci\u00f3n fue p\u00e9sima y termin\u00f3 haciendo uno de los &#8220;osos&#8221; m\u00e1s grandes de la jornada.<\/p>\n<p>Aqu\u00ed te dejamos el video para que tu seas el que juzgues.<\/p>\n<p>&nbsp;<\/p>\n<blockquote class=\"twitter-video\" data-lang=\"es\">\n<p dir=\"ltr\" lang=\"es\">Osazo <a href=\"https:\/\/t.co\/Yd5ac3pBJp\">pic.twitter.com\/Yd5ac3pBJp<\/a><\/p>\n<p>\u2014 juanfutroll (@juanfutroll) <a href=\"https:\/\/twitter.com\/juanfutroll\/status\/831909789554921474\">15 de febrero de 2017<\/a><\/p><\/blockquote>\n<p><script async src=\"\/\/platform.twitter.com\/widgets.js\" charset=\"utf-8\"><\/script><\/p>\n","protected":false},"excerpt":{"rendered":"<p>El americanista tuvo una jugada para el olvido. <\/p>\n","protected":false},"author":20,"featured_media":461367,"comment_status":"closed","ping_status":"closed","sticky":false,"template":"","format":"standard","meta":[],"categories":[5419,4247,2198],"tags":[5959,5571],"_links":{"self":[{"href":"http:\/\/desarrollo.grupomedios.com\/futbol\/wp-json\/wp\/v2\/posts\/461353"}],"collection":[{"href":"http:\/\/desarrollo.grupomedios.com\/futbol\/wp-json\/wp\/v2\/posts"}],"about":[{"href":"http:\/\/desarrollo.grupomedios.com\/futbol\/wp-json\/wp\/v2\/types\/post"}],"author":[{"embeddable":true,"href":"http:\/\/desarrollo.grupomedios.com\/futbol\/wp-json\/wp\/v2\/users\/20"}],"replies":[{"embeddable":true,"href":"http:\/\/desarrollo.grupomedios.com\/futbol\/wp-json\/wp\/v2\/comments?post=461353"}],"version-history":[{"count":0,"href":"http:\/\/desarrollo.grupomedios.com\/futbol\/wp-json\/wp\/v2\/posts\/461353\/revisions"}],"wp:featuredmedia":[{"embeddable":true,"href":"http:\/\/desarrollo.grupomedios.com\/futbol\/wp-json\/wp\/v2\/media\/461367"}],"wp:attachment":[{"href":"http:\/\/desarrollo.grupomedios.com\/futbol\/wp-json\/wp\/v2\/media?parent=461353"}],"wp:term":[{"taxonomy":"category","embeddable":true,"href":"http:\/\/desarrollo.grupomedios.com\/futbol\/wp-json\/wp\/v2\/categories?post=461353"},{"taxonomy":"post_tag","embeddable":true,"href":"http:\/\/desarrollo.grupomedios.com\/futbol\/wp-json\/wp\/v2\/tags?post=461353"}],"curies":[{"name":"wp","href":"https:\/\/api.w.org\/{rel}","templated":true}]}}