{"id":461387,"date":"2017-02-15T18:46:29","date_gmt":"2017-02-16T00:46:29","guid":{"rendered":"https:\/\/www.futboltotal.com.mx\/?p=461387"},"modified":"2017-02-15T18:46:29","modified_gmt":"2017-02-16T00:46:29","slug":"maurizio-sarri-san-paolo-va-a-infierno","status":"publish","type":"post","link":"http:\/\/desarrollo.grupomedios.com\/futbol\/futbol-internacional\/maurizio-sarri-san-paolo-va-a-infierno\/2017\/02","title":{"rendered":"Maurizio Sarri: &#8220;San Paolo va a ser un infierno&#8221;"},"content":{"rendered":"<p><strong>Maurizio Sarri,<\/strong> entrenador del <strong>N\u00e1poles<\/strong>, asegur\u00f3 este mi\u00e9rcoles en rueda de prensa, tras perder 3-1 ante el <strong>Real Madrid<\/strong> en la ida de los octavos de final de la Liga de Campeones, que su estadio, San Paolo, ser\u00e1 un &#8220;infierno&#8221; en el choque de vuelta<\/p>\n<blockquote><p>&#8220;No creo que haga falta ning\u00fan mensaje. En el partido de vuelta, <strong>San Paolo va a ser un infierno.<\/strong> Si conseguimos dar m\u00e1s moral a la afici\u00f3n y conseguir algo importante en los primeros diez minutos, la respuesta de la afici\u00f3n va a ser incre\u00edble. Si en t\u00e9rminos de lucidez mejoramos, va a ser un partido muy dif\u00edcil para ellos y para nosotros&#8221;, declar\u00f3.<\/p><\/blockquote>\n<p>Para <strong>Sarri,<\/strong> los balones perdidos cuando el N\u00e1poles intentaba jugar fue &#8220;clave&#8221; para perder en el estadio Santiago Bernab\u00e9u.<\/p>\n<p style=\"text-align: center;\"><a href=\"https:\/\/www.futboltotal.com.mx\/2017\/02\/en-vivo-real-madrid-vs-napoli-champions-league\/\" target=\"_blank\">LEER M\u00c1S: AS\u00cd SE VIVI\u00d3 | Real Madrid 3-1 Napoli | Champions League<\/a><\/p>\n<blockquote><p>&#8220;Conceder eso a delanteros de ese nivel es un problema. Ellos han jugado muy bien y pudimos hacer poco. Si no hubi\u00e9ramos cometido todos esos errores, habr\u00edamos perdido menos balones y habr\u00edamos tenido m\u00e1s espacio. Era dif\u00edcil organizar los contragolpes y hemos concedido mucho&#8221;, coment\u00f3.<\/p>\n<p>&#8220;Nos enfrentamos a un equipo muy bueno, al mejor del mundo y este es el resultado. Siento que hayamos cometido m\u00e1s errores de lo normal. Si no, el partido habr\u00eda sido distinto. Vamos a intentar organizar el partido para ganar. A veces en un partido s\u00f3lo se puede hacer lo que te deja hacer el rival. Lo intentaremos todo. Esperemos jugar mejor, cometer menos errores y crear m\u00e1s oportunidades&#8221;, agreg\u00f3.<\/p><\/blockquote>\n<p>Asimismo declar\u00f3 que el partido del <strong>Real Madrid<\/strong> fue el que mejor jug\u00f3 &#8220;en los \u00faltimos tres meses&#8221; y reconoci\u00f3 que el <strong>N\u00e1poles<\/strong> ni complet\u00f3 sus mejores minutos de los \u00faltimos tiempos.<\/p>\n<blockquote><p>&#8220;No cambiar\u00eda nada. Organic\u00e9 el partido con toda la informaci\u00f3n que ten\u00eda. Es el primer partido que perdemos en cuatro meses. Nos hemos enfadado porque no hemos podido expresarnos al cien por cien. Esto no nos tiene que quitar moral. No tenemos much\u00edsimas oportunidades de pasar, pero s\u00ed tenemos alguna&#8221;, asegur\u00f3<\/p><\/blockquote>\n<p>Adem\u00e1s, habl\u00f3 sobre las palabras de Diego Armando Maradona en el vestuario antes del inicio del choque y dijo que tal vez pudieron tener algo que ver en los primeros quince minutos del choque en los que el N\u00e1poles jug\u00f3 bastante bien.<\/p>\n","protected":false},"excerpt":{"rendered":"<p>El estratega del conjunto italiano espera dar la vuelta al Real Madrid. <\/p>\n","protected":false},"author":144,"featured_media":461390,"comment_status":"closed","ping_status":"closed","sticky":false,"template":"","format":"standard","meta":[],"categories":[3841,3839],"tags":[160,5988],"_links":{"self":[{"href":"http:\/\/desarrollo.grupomedios.com\/futbol\/wp-json\/wp\/v2\/posts\/461387"}],"collection":[{"href":"http:\/\/desarrollo.grupomedios.com\/futbol\/wp-json\/wp\/v2\/posts"}],"about":[{"href":"http:\/\/desarrollo.grupomedios.com\/futbol\/wp-json\/wp\/v2\/types\/post"}],"author":[{"embeddable":true,"href":"http:\/\/desarrollo.grupomedios.com\/futbol\/wp-json\/wp\/v2\/users\/144"}],"replies":[{"embeddable":true,"href":"http:\/\/desarrollo.grupomedios.com\/futbol\/wp-json\/wp\/v2\/comments?post=461387"}],"version-history":[{"count":0,"href":"http:\/\/desarrollo.grupomedios.com\/futbol\/wp-json\/wp\/v2\/posts\/461387\/revisions"}],"wp:featuredmedia":[{"embeddable":true,"href":"http:\/\/desarrollo.grupomedios.com\/futbol\/wp-json\/wp\/v2\/media\/461390"}],"wp:attachment":[{"href":"http:\/\/desarrollo.grupomedios.com\/futbol\/wp-json\/wp\/v2\/media?parent=461387"}],"wp:term":[{"taxonomy":"category","embeddable":true,"href":"http:\/\/desarrollo.grupomedios.com\/futbol\/wp-json\/wp\/v2\/categories?post=461387"},{"taxonomy":"post_tag","embeddable":true,"href":"http:\/\/desarrollo.grupomedios.com\/futbol\/wp-json\/wp\/v2\/tags?post=461387"}],"curies":[{"name":"wp","href":"https:\/\/api.w.org\/{rel}","templated":true}]}}