{"id":461393,"date":"2017-02-15T19:23:34","date_gmt":"2017-02-16T01:23:34","guid":{"rendered":"https:\/\/www.futboltotal.com.mx\/?p=461393"},"modified":"2017-02-15T19:23:34","modified_gmt":"2017-02-16T01:23:34","slug":"barcelona-ya-tendria-al-relevo-luis-enrique","status":"publish","type":"post","link":"http:\/\/desarrollo.grupomedios.com\/futbol\/futbol-internacional\/barcelona-ya-tendria-al-relevo-luis-enrique\/2017\/02","title":{"rendered":"Barcelona ya tendr\u00eda al relevo de Luis Enrique"},"content":{"rendered":"<p>La goleada que sufri\u00f3 Barcelona ante el PSG en la Champions League, provoc\u00f3 que se encendieran las alarmas en el mundo del futbol, incluyendo dentro de la instituci\u00f3n cul\u00e9.<\/p>\n<p><strong>The Telegraph,\u00a0<\/strong>medio ingl\u00e9s asegura que el estratega del Barcelona ya no renovar\u00e1 contrato a final de temporada y estar\u00eda siendo sustituido por Jorge Sampaoli.<\/p>\n<p>El buen futbol que ha demostrado <strong>Sampaoli<\/strong> con el Sevilla ha hecho que diversos medios e incluso el club comience a fijarse en su trabajo para dirigir al <strong>Barcelona<\/strong>. En la actualidad Jorge tiene a su equipo en la tercera posici\u00f3n de la liga y en octavos de final de la Champions League en donde enfrentar\u00e1n al Leicester City.<\/p>\n<p style=\"text-align: center;\"><a href=\"https:\/\/www.futboltotal.com.mx\/2017\/02\/resultado-champions-league-real-madrid-3-1-napoli\/\" target=\"_blank\">LEER M\u00c1S: Real Madrid impone su ley ante el Napoli<\/a><\/p>\n<p>En su momento ya se le cuestion\u00f3 sobre su posible llegada a los blaugranas; sin embargo el argentino no se ha metido en problemas y decide elogiar el trabajo del Espa\u00f1ol, Luis Enrique.<\/p>\n<blockquote><p>&#8220;Tengo contrato por dos a\u00f1os y no pienso m\u00e1s que en este club, estoy vinculado s\u00f3lo a eso&#8230; \u00bf<strong>Barcelona<\/strong>? Ser\u00eda una falta de respeto al Sevilla hablar de otro equipo. Estoy feliz aqu\u00ed con estos jugadores y esta gente. No pienso m\u00e1s que en el domingo ni me ilusiona algo que no sea el <strong>Sevilla<\/strong>&#8220;, coment\u00f3.<\/p><\/blockquote>\n<p>&nbsp;<\/p>\n","protected":false},"excerpt":{"rendered":"<p>Jorge Sampaoli ser\u00eda el elegido por la directiva cul\u00e9. <\/p>\n","protected":false},"author":20,"featured_media":461408,"comment_status":"closed","ping_status":"closed","sticky":false,"template":"","format":"standard","meta":[],"categories":[3841,3839,3844],"tags":[5984,4520,4051],"_links":{"self":[{"href":"http:\/\/desarrollo.grupomedios.com\/futbol\/wp-json\/wp\/v2\/posts\/461393"}],"collection":[{"href":"http:\/\/desarrollo.grupomedios.com\/futbol\/wp-json\/wp\/v2\/posts"}],"about":[{"href":"http:\/\/desarrollo.grupomedios.com\/futbol\/wp-json\/wp\/v2\/types\/post"}],"author":[{"embeddable":true,"href":"http:\/\/desarrollo.grupomedios.com\/futbol\/wp-json\/wp\/v2\/users\/20"}],"replies":[{"embeddable":true,"href":"http:\/\/desarrollo.grupomedios.com\/futbol\/wp-json\/wp\/v2\/comments?post=461393"}],"version-history":[{"count":0,"href":"http:\/\/desarrollo.grupomedios.com\/futbol\/wp-json\/wp\/v2\/posts\/461393\/revisions"}],"wp:featuredmedia":[{"embeddable":true,"href":"http:\/\/desarrollo.grupomedios.com\/futbol\/wp-json\/wp\/v2\/media\/461408"}],"wp:attachment":[{"href":"http:\/\/desarrollo.grupomedios.com\/futbol\/wp-json\/wp\/v2\/media?parent=461393"}],"wp:term":[{"taxonomy":"category","embeddable":true,"href":"http:\/\/desarrollo.grupomedios.com\/futbol\/wp-json\/wp\/v2\/categories?post=461393"},{"taxonomy":"post_tag","embeddable":true,"href":"http:\/\/desarrollo.grupomedios.com\/futbol\/wp-json\/wp\/v2\/tags?post=461393"}],"curies":[{"name":"wp","href":"https:\/\/api.w.org\/{rel}","templated":true}]}}