{"id":461431,"date":"2017-02-15T20:00:00","date_gmt":"2017-02-16T02:00:00","guid":{"rendered":"https:\/\/www.futboltotal.com.mx\/?p=461431"},"modified":"2017-02-15T20:00:00","modified_gmt":"2017-02-16T02:00:00","slug":"70-anos-prision-a-homicidas-noe-hernandez","status":"publish","type":"post","link":"http:\/\/desarrollo.grupomedios.com\/futbol\/no-todo-es-futbol\/70-anos-prision-a-homicidas-noe-hernandez\/2017\/02","title":{"rendered":"70 a\u00f1os de prisi\u00f3n a homicidas de No\u00e9 Hern\u00e1ndez"},"content":{"rendered":"<p>Los homicidas del medallista ol\u00edmpico mexicano <strong>No\u00e9 Hern\u00e1ndez<\/strong>, quien falleci\u00f3 el 16 de enero de 2013, fueron sentenciados a 70 a\u00f1os de prisi\u00f3n, inform\u00f3 hoy la Fiscal\u00eda General de Justicia del Estado de M\u00e9xico (FGJEM) en un comunicado.<\/p>\n<p>Hern\u00e1ndez, plata en Sydney 2000 en marcha, falleci\u00f3 a los 34 a\u00f1os de un paro cardiaco, dos semanas despu\u00e9s de haber sido herido de bala en la cabeza y tras haber sido dado de alta.<\/p>\n<p>La Fiscal\u00eda &#8220;acredit\u00f3 la participaci\u00f3n de dos sujetos en el delito de homicidio&#8221;, il\u00edcito por el que la autoridad judicial con sede en el municipio de Nezahualc\u00f3yotl les dict\u00f3 dicha sentencia.<\/p>\n<p>Los sentenciados son Diego Rom\u00e1n Medina Mart\u00edn y Gregorio Alonso P\u00e9rez Cer\u00f3n, &#8220;quienes causaron la muerte al subcampe\u00f3n ol\u00edmpico, as\u00ed como a dos personas m\u00e1s, el 30 diciembre del a\u00f1o 2012&#8221;, indic\u00f3 la nota.<\/p>\n<p style=\"text-align: center;\"><span style=\"color: #3366ff;\"><a style=\"color: #3366ff;\" href=\"https:\/\/www.futboltotal.com.mx\/2017\/02\/resultados-champions-league-bayern-munich-5-1-arsenal\/\" target=\"_blank\"><strong>LEER M\u00c1S: Bayern Munich pone un pie en Cuartos de Champions<\/strong><\/a><\/span><\/p>\n<p>Adem\u00e1s de los 70 a\u00f1os en prisi\u00f3n, ambos deber\u00e1n pagar una multa de 400.050 pesos (20.000 d\u00f3lares) y 136.502 pesos (6.700 d\u00f3lares) como reparaci\u00f3n del da\u00f1o.<\/p>\n<p>Los hechos por los que fueron condenados se registraron en el interior de un bar ubicado en la carretera federal M\u00e9xico-Texcoco, donde se encontraba el medallista ol\u00edmpico junto a otros clientes del establecimiento.<\/p>\n<p>Los atacantes llegaron &#8220;al lugar portando armas de fuego y luego de una discusi\u00f3n dispararon en contra de las tres v\u00edctimas, ocasionando la muerte instant\u00e1nea dos de ellas&#8221;, apunt\u00f3 la nota.<\/p>\n<p>Tras la agresi\u00f3n, Hern\u00e1ndez fue trasladado a un hospital de la zona para recibir atenci\u00f3n m\u00e9dica, pero d\u00edas despu\u00e9s falleci\u00f3 a causa de las lesiones.<\/p>\n<p><strong>S\u00edguenos en Twitter:<\/strong> <a href=\"https:\/\/twitter.com\/MXFutbolTotal\" target=\"_blank\">@MXFutbolTotal<\/a><\/p>\n","protected":false},"excerpt":{"rendered":"<p>Condenan a los responsables del asesinato del medallista ol\u00edmpico mexicano.<\/p>\n","protected":false},"author":144,"featured_media":461432,"comment_status":"closed","ping_status":"closed","sticky":false,"template":"","format":"standard","meta":[],"categories":[5418,6411,5813],"tags":[5461],"_links":{"self":[{"href":"http:\/\/desarrollo.grupomedios.com\/futbol\/wp-json\/wp\/v2\/posts\/461431"}],"collection":[{"href":"http:\/\/desarrollo.grupomedios.com\/futbol\/wp-json\/wp\/v2\/posts"}],"about":[{"href":"http:\/\/desarrollo.grupomedios.com\/futbol\/wp-json\/wp\/v2\/types\/post"}],"author":[{"embeddable":true,"href":"http:\/\/desarrollo.grupomedios.com\/futbol\/wp-json\/wp\/v2\/users\/144"}],"replies":[{"embeddable":true,"href":"http:\/\/desarrollo.grupomedios.com\/futbol\/wp-json\/wp\/v2\/comments?post=461431"}],"version-history":[{"count":0,"href":"http:\/\/desarrollo.grupomedios.com\/futbol\/wp-json\/wp\/v2\/posts\/461431\/revisions"}],"wp:featuredmedia":[{"embeddable":true,"href":"http:\/\/desarrollo.grupomedios.com\/futbol\/wp-json\/wp\/v2\/media\/461432"}],"wp:attachment":[{"href":"http:\/\/desarrollo.grupomedios.com\/futbol\/wp-json\/wp\/v2\/media?parent=461431"}],"wp:term":[{"taxonomy":"category","embeddable":true,"href":"http:\/\/desarrollo.grupomedios.com\/futbol\/wp-json\/wp\/v2\/categories?post=461431"},{"taxonomy":"post_tag","embeddable":true,"href":"http:\/\/desarrollo.grupomedios.com\/futbol\/wp-json\/wp\/v2\/tags?post=461431"}],"curies":[{"name":"wp","href":"https:\/\/api.w.org\/{rel}","templated":true}]}}