{"id":461573,"date":"2017-02-15T23:21:54","date_gmt":"2017-02-16T05:21:54","guid":{"rendered":"https:\/\/www.futboltotal.com.mx\/?p=461573"},"modified":"2017-02-15T23:21:54","modified_gmt":"2017-02-16T05:21:54","slug":"se-le-sale-flatulencia-a-conductor-fox-sports-fue-broma","status":"publish","type":"post","link":"http:\/\/desarrollo.grupomedios.com\/futbol\/videos\/se-le-sale-flatulencia-a-conductor-fox-sports-fue-broma\/2017\/02","title":{"rendered":"Se le sale flatulencia a conductor de Fox Sports&#8230; todo fue broma"},"content":{"rendered":"<p>Durante el programa de 90 minutos de Fox Sports, el analista de futbol argentino, Juan Fern\u00e1ndez, fue v\u00edctima de una flatulencia durante el programa en vivo, acci\u00f3n que caus\u00f3 pol\u00e9mica y morbo ante los medios de comunicaci\u00f3n de su pa\u00eds.<\/p>\n<p>Todo se trat\u00f3 de una broma hecha por sus compa\u00f1eros del programa, debido a que sab\u00edan que sufr\u00eda de un problema de hemorroides. Decidieron editar el video y sacarlo a la luz, para que la gente se riera un poco.<\/p>\n<p><iframe loading=\"lazy\" src=\"https:\/\/www.youtube.com\/embed\/5GcV781xrzY\" frameborder=\"0\" allowfullscreen=\"allowfullscreen\"><\/iframe><\/p>\n<p>Luego del mal que hicieron, el equipo del programa tuvo que desmentir la acci\u00f3n, pues Juan hab\u00eda sido agobiado por parte de lo medios pregunt\u00e1ndole sobre el tema.<\/p>\n<p>Al final todo mundo se dio cuenta que era de una broma de compa\u00f1eros, aqu\u00ed te dejamos el momento en el que desmienten la situaci\u00f3n.<\/p>\n<p><iframe loading=\"lazy\" src=\"https:\/\/www.youtube.com\/embed\/VUpJBHpcrvw\" frameborder=\"0\" allowfullscreen=\"allowfullscreen\"><\/iframe><\/p>\n","protected":false},"excerpt":{"rendered":"<p>La broma fue una de las m\u00e1s vistas en Argentina. <\/p>\n","protected":false},"author":20,"featured_media":461574,"comment_status":"closed","ping_status":"closed","sticky":false,"template":"","format":"standard","meta":[],"categories":[5419,3839,4,6433],"tags":[1490],"_links":{"self":[{"href":"http:\/\/desarrollo.grupomedios.com\/futbol\/wp-json\/wp\/v2\/posts\/461573"}],"collection":[{"href":"http:\/\/desarrollo.grupomedios.com\/futbol\/wp-json\/wp\/v2\/posts"}],"about":[{"href":"http:\/\/desarrollo.grupomedios.com\/futbol\/wp-json\/wp\/v2\/types\/post"}],"author":[{"embeddable":true,"href":"http:\/\/desarrollo.grupomedios.com\/futbol\/wp-json\/wp\/v2\/users\/20"}],"replies":[{"embeddable":true,"href":"http:\/\/desarrollo.grupomedios.com\/futbol\/wp-json\/wp\/v2\/comments?post=461573"}],"version-history":[{"count":0,"href":"http:\/\/desarrollo.grupomedios.com\/futbol\/wp-json\/wp\/v2\/posts\/461573\/revisions"}],"wp:featuredmedia":[{"embeddable":true,"href":"http:\/\/desarrollo.grupomedios.com\/futbol\/wp-json\/wp\/v2\/media\/461574"}],"wp:attachment":[{"href":"http:\/\/desarrollo.grupomedios.com\/futbol\/wp-json\/wp\/v2\/media?parent=461573"}],"wp:term":[{"taxonomy":"category","embeddable":true,"href":"http:\/\/desarrollo.grupomedios.com\/futbol\/wp-json\/wp\/v2\/categories?post=461573"},{"taxonomy":"post_tag","embeddable":true,"href":"http:\/\/desarrollo.grupomedios.com\/futbol\/wp-json\/wp\/v2\/tags?post=461573"}],"curies":[{"name":"wp","href":"https:\/\/api.w.org\/{rel}","templated":true}]}}