{"id":461596,"date":"2017-02-16T13:44:42","date_gmt":"2017-02-16T19:44:42","guid":{"rendered":"https:\/\/www.futboltotal.com.mx\/?p=461596"},"modified":"2017-02-16T18:05:56","modified_gmt":"2017-02-17T00:05:56","slug":"yasser-corona-tendria-retirarse-del-futbol-tras-lesion","status":"publish","type":"post","link":"http:\/\/desarrollo.grupomedios.com\/futbol\/futbol-mexicano\/yasser-corona-tendria-retirarse-del-futbol-tras-lesion\/2017\/02","title":{"rendered":"\u00a1Yasser Corona tendr\u00eda que retirarse del futbol tras su lesi\u00f3n!"},"content":{"rendered":"<p>Lo que aparentemente no pasar\u00eda de ser una complicada <strong>lesi\u00f3n<\/strong> est\u00e1 a punto de obligar al defensa <strong>Yasser Corona<\/strong> a <strong>retirarse<\/strong> del futbol.<\/p>\n<p>El defensa de los <strong>Xolos de Tijuana<\/strong>\u00a0semanas\u00a0atr\u00e1s sufri\u00f3 una lesi\u00f3n en la <strong>sexta cervical<\/strong>\u00a0que no le permitir\u00eda seguir con su carrera en las canchas ante las potenciales consecuencias fatales que representar\u00eda, esto de acuerdo a reportes extracancha del diario <em>Cancha<\/em>.<\/p>\n<p>El medio de comunicaci\u00f3n mexicano se\u00f1al\u00f3 que <a href=\"https:\/\/www.futboltotal.com.mx\/2017\/02\/yasser-corona-sera-intervenido-las-cervicales\/\">Corona, quien tuvo que pasar por el quir\u00f3fano<\/a> luego de sufrir esta terrible lesi\u00f3n el pasado 31 de enero, ha sido recomendado por los m\u00e9dicos para que diga adi\u00f3s al futbol y a todo deporte de contacto.<\/p>\n<p><a href=\"https:\/\/www.futboltotal.com.mx\/2017\/02\/yasser-corona-dado-alta-sale-del-hospital\/\">VER M\u00c1S: YASSER CORONA ES DADO DE ALTA Y SALE DEL HOSPITAL<\/a><\/p>\n<p>Los doctores habr\u00edan dejado en claro al ex seleccionado mexicano que, en caso de no retirarse, un mal golpe podr\u00eda traerle graves consecuencias. Sin embargo, esto no evitar\u00eda que el a\u00fan futbolista pueda llevar una vida normal, s\u00f3lo con algunos cuidados luego de la rehabilitaci\u00f3n que deber\u00e1 realizar por varios meses.<\/p>\n<p><a href=\"https:\/\/www.futboltotal.com.mx\/2017\/02\/xolos-dedicara-siguiente-partido-a-yasser-corona\/\">VER M\u00c1S: XOLOS DECICAR\u00c1 SU SIGUIENTE PARTIDO A YASSER CORONA<\/a><\/p>\n<p>El episodio que desencaden\u00f3 este mal momento por el que atraviesa Corona sucedi\u00f3 durante el duelo de Copa MX entre Xolos y Correcaminos, cuando al chocar con un rival en la disputa del bal\u00f3n e<a href=\"https:\/\/www.futboltotal.com.mx\/2017\/02\/yasser-corona-se-convulsiono-en-partido-copa-mx\/\">l jugador de Tijuana sufriera una convulsi\u00f3n que lo llev\u00f3 a quedar inconsciente<\/a> y despu\u00e9s lo trasladaran a un hospital para ser intervenido y le colocaran\u00a0una placa de titanio de cuatro tornillos.<\/p>\n<p><a href=\"https:\/\/www.futboltotal.com.mx\/2017\/02\/fuerzayasser-futbolistas-mandan-apoyo-a-corona-tras-cirugia\/\">VER M\u00c1S: #FUERZAYASSER, FUTBOLISTAS MANDAN APOYO A CORONA TRAS CIRUG\u00cdA<\/a><\/p>\n<p class=\"p1\"><span class=\"s1\"><b>S\u00edguenos en Twitter<\/b>:\u00a0<a href=\"https:\/\/twitter.com\/MXFutbolTotal\"><span class=\"s2\">@MXFutbolTotal<\/span><\/a><\/span><\/p>\n","protected":false},"excerpt":{"rendered":"<p>El defensa de los Xolos de Tijuana dejar\u00eda el futbol ante las posibles consecuencias fatales.<\/p>\n","protected":false},"author":20,"featured_media":461603,"comment_status":"closed","ping_status":"closed","sticky":false,"template":"","format":"standard","meta":[],"categories":[4247,2198,3845,5950],"tags":[8228,8229,8230,3320,1245,64,2692,5974,1673,2080],"_links":{"self":[{"href":"http:\/\/desarrollo.grupomedios.com\/futbol\/wp-json\/wp\/v2\/posts\/461596"}],"collection":[{"href":"http:\/\/desarrollo.grupomedios.com\/futbol\/wp-json\/wp\/v2\/posts"}],"about":[{"href":"http:\/\/desarrollo.grupomedios.com\/futbol\/wp-json\/wp\/v2\/types\/post"}],"author":[{"embeddable":true,"href":"http:\/\/desarrollo.grupomedios.com\/futbol\/wp-json\/wp\/v2\/users\/20"}],"replies":[{"embeddable":true,"href":"http:\/\/desarrollo.grupomedios.com\/futbol\/wp-json\/wp\/v2\/comments?post=461596"}],"version-history":[{"count":0,"href":"http:\/\/desarrollo.grupomedios.com\/futbol\/wp-json\/wp\/v2\/posts\/461596\/revisions"}],"wp:featuredmedia":[{"embeddable":true,"href":"http:\/\/desarrollo.grupomedios.com\/futbol\/wp-json\/wp\/v2\/media\/461603"}],"wp:attachment":[{"href":"http:\/\/desarrollo.grupomedios.com\/futbol\/wp-json\/wp\/v2\/media?parent=461596"}],"wp:term":[{"taxonomy":"category","embeddable":true,"href":"http:\/\/desarrollo.grupomedios.com\/futbol\/wp-json\/wp\/v2\/categories?post=461596"},{"taxonomy":"post_tag","embeddable":true,"href":"http:\/\/desarrollo.grupomedios.com\/futbol\/wp-json\/wp\/v2\/tags?post=461596"}],"curies":[{"name":"wp","href":"https:\/\/api.w.org\/{rel}","templated":true}]}}