{"id":461659,"date":"2017-02-16T16:10:54","date_gmt":"2017-02-16T22:10:54","guid":{"rendered":"https:\/\/www.futboltotal.com.mx\/?p=461659"},"modified":"2017-02-16T16:17:10","modified_gmt":"2017-02-16T22:17:10","slug":"asi-serian-los-uniformes-del-real-madrid-under-armour","status":"publish","type":"post","link":"http:\/\/desarrollo.grupomedios.com\/futbol\/futbol-internacional\/asi-serian-los-uniformes-del-real-madrid-under-armour\/2017\/02","title":{"rendered":"As\u00ed ser\u00edan los uniformes del Real Madrid con Under Armour"},"content":{"rendered":"<p>Hace un par de d\u00edas la prensa espa\u00f1ola public\u00f3 que <a href=\"https:\/\/www.futboltotal.com.mx\/2017\/02\/real-madrid-podria-tener-la-camiseta-cara-mundo\/\">el <strong>Real Madrid<\/strong> podr\u00eda cambiar de patrocinador tras concluir su contrato con la firma alemana <em>adidas<\/em> en 2020<\/a>. Los <em>Blancos\u00a0<\/em>dejar\u00edan a la firma que los viste desde 1996 para firmar un nuevo contrato multimillonario con Under Armour, el nuevo gigante norteamericano que pretende convertir la camiseta blanca en la que genere mayores ingresos en el mundo.<\/p>\n<p>Desde entonces las especulaciones no han parado en redes sociales y han comenzado a circular im\u00e1genes de como podr\u00eda ser la nueva camiseta del <strong>Real Madrid<\/strong>. El \u00faltimo de los posibles dise\u00f1os fue hecho por<em> Xztals<\/em>, un creativo dise\u00f1ador de futbol, cuyo dise\u00f1o ha causado gran expectaci\u00f3n. \u00bfLes gusta el modelo de Under Armour o prefieren el de adidas?<\/p>\n<p style=\"text-align: center;\"><a href=\"https:\/\/www.futboltotal.com.mx\/futbol-internacional\/\"><span style=\"color: #3366ff;\">LEER M\u00c1S: Todas las noticias de futbol internacional<\/span><\/a><\/p>\n<p style=\"text-align: center;\"><a href=\"https:\/\/www.futboltotal.com.mx\/wp-content\/uploads\/2017\/02\/Real-Madrid-1.jpg\"><img decoding=\"async\" loading=\"lazy\" class=\"alignnone size-full wp-image-461665\" src=\"https:\/\/www.futboltotal.com.mx\/wp-content\/uploads\/2017\/02\/Real-Madrid-1.jpg\" alt=\"As\u00ed ser\u00edan los uniformes del Real Madrid con Under Armour 0\" srcset=\"http:\/\/desarrollo.grupomedios.com\/futbol\/wp-content\/uploads\/2017\/02\/Real-Madrid-1.jpg 451w, http:\/\/desarrollo.grupomedios.com\/futbol\/wp-content\/uploads\/2017\/02\/Real-Madrid-1-246x300.jpg 246w\" sizes=\"(max-width: 451px) 100vw, 451px\" \/><\/a><\/p>\n<p style=\"text-align: center;\"><a href=\"https:\/\/www.futboltotal.com.mx\/wp-content\/uploads\/2017\/02\/Real-Madrid-2.jpg\"><img decoding=\"async\" loading=\"lazy\" class=\"alignnone size-full wp-image-461666\" src=\"https:\/\/www.futboltotal.com.mx\/wp-content\/uploads\/2017\/02\/Real-Madrid-2.jpg\" alt=\"As\u00ed ser\u00edan los uniformes del Real Madrid con Under Armour 1\" srcset=\"http:\/\/desarrollo.grupomedios.com\/futbol\/wp-content\/uploads\/2017\/02\/Real-Madrid-2.jpg 550w, http:\/\/desarrollo.grupomedios.com\/futbol\/wp-content\/uploads\/2017\/02\/Real-Madrid-2-150x150.jpg 150w, http:\/\/desarrollo.grupomedios.com\/futbol\/wp-content\/uploads\/2017\/02\/Real-Madrid-2-300x300.jpg 300w\" sizes=\"(max-width: 550px) 100vw, 550px\" \/><\/a><\/p>\n","protected":false},"excerpt":{"rendered":"<p>a comenzaron a circular las im\u00e1genes con un posible dise\u00f1o de la firma estadounidense.<\/p>\n","protected":false},"author":20,"featured_media":461672,"comment_status":"closed","ping_status":"closed","sticky":false,"template":"","format":"standard","meta":[],"categories":[3839,3844,5951],"tags":[5988],"_links":{"self":[{"href":"http:\/\/desarrollo.grupomedios.com\/futbol\/wp-json\/wp\/v2\/posts\/461659"}],"collection":[{"href":"http:\/\/desarrollo.grupomedios.com\/futbol\/wp-json\/wp\/v2\/posts"}],"about":[{"href":"http:\/\/desarrollo.grupomedios.com\/futbol\/wp-json\/wp\/v2\/types\/post"}],"author":[{"embeddable":true,"href":"http:\/\/desarrollo.grupomedios.com\/futbol\/wp-json\/wp\/v2\/users\/20"}],"replies":[{"embeddable":true,"href":"http:\/\/desarrollo.grupomedios.com\/futbol\/wp-json\/wp\/v2\/comments?post=461659"}],"version-history":[{"count":0,"href":"http:\/\/desarrollo.grupomedios.com\/futbol\/wp-json\/wp\/v2\/posts\/461659\/revisions"}],"wp:featuredmedia":[{"embeddable":true,"href":"http:\/\/desarrollo.grupomedios.com\/futbol\/wp-json\/wp\/v2\/media\/461672"}],"wp:attachment":[{"href":"http:\/\/desarrollo.grupomedios.com\/futbol\/wp-json\/wp\/v2\/media?parent=461659"}],"wp:term":[{"taxonomy":"category","embeddable":true,"href":"http:\/\/desarrollo.grupomedios.com\/futbol\/wp-json\/wp\/v2\/categories?post=461659"},{"taxonomy":"post_tag","embeddable":true,"href":"http:\/\/desarrollo.grupomedios.com\/futbol\/wp-json\/wp\/v2\/tags?post=461659"}],"curies":[{"name":"wp","href":"https:\/\/api.w.org\/{rel}","templated":true}]}}