{"id":461667,"date":"2017-02-16T16:17:59","date_gmt":"2017-02-16T22:17:59","guid":{"rendered":"https:\/\/www.futboltotal.com.mx\/?p=461667"},"modified":"2017-02-16T16:17:59","modified_gmt":"2017-02-16T22:17:59","slug":"estoy-harto-tanto-drama-mcgregor-mayweather-zlatan","status":"publish","type":"post","link":"http:\/\/desarrollo.grupomedios.com\/futbol\/futbol-internacional\/estoy-harto-tanto-drama-mcgregor-mayweather-zlatan\/2017\/02","title":{"rendered":"&#8220;Estoy harto de tanto drama entre McGregor y Mayweather&#8221;: Zlatan"},"content":{"rendered":"<p>Una de las peleas m\u00e1s esperadas por el mundo del deporte es la del boxeador <strong>Floyd Mayweathe<\/strong>r y el peleador de UFC, <strong>Conor McGregor.<\/strong> Ambos estar\u00edan dispuestos a tener una pelea que dar\u00eda la vuelta al mundo.<\/p>\n<p><strong>Zlatan Ibrahimovic<\/strong> no perdi\u00f3 la oportunidad de meterse en la pelea que es conocido como &#8220;la del bill\u00f3n&#8221; y cuestion\u00f3 a ambos deportistas por a\u00fan no cerrar el trato y se dijo cansado de tanta palabrer\u00eda.<\/p>\n<p style=\"text-align: center;\"><a href=\"https:\/\/www.futboltotal.com.mx\/2017\/02\/chivas-tomara-acciones-legales-contra-pirateria-chivas-tv\/\" target=\"_blank\">LEER M\u00c1S: Chivas tomar\u00e1 acciones legales contra pirater\u00eda de Chivas TV<\/a><\/p>\n<p>El delantero del Manchester United es fan\u00e1tico de las artes marciales e incluso las practic\u00f3 en su momento y ahora fue cuestionado por el combate que sostendr\u00edan McGregor y Mayweather.<\/p>\n<blockquote><p>&#8220;Estoy harto de tanto drama entre Floyd Mayweather y Conor McGregor, ser\u00eda mejor que ambos se dejaran de payasadas y lucharan contra m\u00ed. \u00a1Los dos ir\u00e1n directo al hospital!&#8221;, coment\u00f3 el futbolista.<\/p><\/blockquote>\n<p>S\u00edguenos en Twitter: <a href=\"https:\/\/twitter.com\/MXFutbolTotal\" target=\"_blank\">@MXFutbolTotal<\/a><\/p>\n","protected":false},"excerpt":{"rendered":"<p>El sueco ret\u00f3 a ambos peleadores a que se enfrenten a \u00e9l. <\/p>\n","protected":false},"author":20,"featured_media":461675,"comment_status":"closed","ping_status":"closed","sticky":false,"template":"","format":"standard","meta":[],"categories":[3839,3846],"tags":[8231,5518,6059],"_links":{"self":[{"href":"http:\/\/desarrollo.grupomedios.com\/futbol\/wp-json\/wp\/v2\/posts\/461667"}],"collection":[{"href":"http:\/\/desarrollo.grupomedios.com\/futbol\/wp-json\/wp\/v2\/posts"}],"about":[{"href":"http:\/\/desarrollo.grupomedios.com\/futbol\/wp-json\/wp\/v2\/types\/post"}],"author":[{"embeddable":true,"href":"http:\/\/desarrollo.grupomedios.com\/futbol\/wp-json\/wp\/v2\/users\/20"}],"replies":[{"embeddable":true,"href":"http:\/\/desarrollo.grupomedios.com\/futbol\/wp-json\/wp\/v2\/comments?post=461667"}],"version-history":[{"count":0,"href":"http:\/\/desarrollo.grupomedios.com\/futbol\/wp-json\/wp\/v2\/posts\/461667\/revisions"}],"wp:featuredmedia":[{"embeddable":true,"href":"http:\/\/desarrollo.grupomedios.com\/futbol\/wp-json\/wp\/v2\/media\/461675"}],"wp:attachment":[{"href":"http:\/\/desarrollo.grupomedios.com\/futbol\/wp-json\/wp\/v2\/media?parent=461667"}],"wp:term":[{"taxonomy":"category","embeddable":true,"href":"http:\/\/desarrollo.grupomedios.com\/futbol\/wp-json\/wp\/v2\/categories?post=461667"},{"taxonomy":"post_tag","embeddable":true,"href":"http:\/\/desarrollo.grupomedios.com\/futbol\/wp-json\/wp\/v2\/tags?post=461667"}],"curies":[{"name":"wp","href":"https:\/\/api.w.org\/{rel}","templated":true}]}}