{"id":461677,"date":"2017-02-16T16:58:48","date_gmt":"2017-02-16T22:58:48","guid":{"rendered":"https:\/\/www.futboltotal.com.mx\/?p=461677"},"modified":"2017-02-16T17:02:41","modified_gmt":"2017-02-16T23:02:41","slug":"noche-triste-los-mexicanos-en-la-europa-league","status":"publish","type":"post","link":"http:\/\/desarrollo.grupomedios.com\/futbol\/futbol-internacional\/noche-triste-los-mexicanos-en-la-europa-league\/2017\/02","title":{"rendered":"Noche triste para los mexicanos en la Europa League"},"content":{"rendered":"<p>Los mexicanos <strong>Jonathan dos Santos<\/strong> y <strong>Carlos Salcedo<\/strong> tuvieron una jornada para el olvido con el<strong> Villarreal<\/strong> y la <strong>Fiorentina<\/strong>, respectivamente, en la <strong>Europa League<\/strong>. El primero fue titular y muy poco pudo hacer para evitar una estrepitosa goleada 0-4 ante el AS Roma. El segundo fue borrado una vez m\u00e1s con la Fiorentina y no apareci\u00f3 ni como suplente en la victoria 1-0 sobre el Borussia M\u00f6nchengladbach.<\/p>\n<p>El Villarreal y <strong>Jonathan<\/strong> vivieron el peor partido en lo que va de la temporada en el estadio El Madrigal. No pudo frenar al AS Roma y qued\u00f3 sentenciado ano estar dentro de los 16 mejores equipos del torneo cuando acaben los partidos de vuelta.<\/p>\n<p style=\"text-align: center;\"><span style=\"color: #3366ff;\">LEER M\u00c1S: Todas las noticias de futbol internacional\u00a0<\/span><\/p>\n<p style=\"text-align: center;\"><img decoding=\"async\" loading=\"lazy\" class=\"alignnone size-full wp-image-461686\" src=\"https:\/\/www.futboltotal.com.mx\/wp-content\/uploads\/2017\/02\/jonas.jpg\" alt=\"Noche triste para los mexicanos en la Europa League 0\" srcset=\"http:\/\/desarrollo.grupomedios.com\/futbol\/wp-content\/uploads\/2017\/02\/jonas.jpg 1136w, http:\/\/desarrollo.grupomedios.com\/futbol\/wp-content\/uploads\/2017\/02\/jonas-300x169.jpg 300w, http:\/\/desarrollo.grupomedios.com\/futbol\/wp-content\/uploads\/2017\/02\/jonas-768x432.jpg 768w, http:\/\/desarrollo.grupomedios.com\/futbol\/wp-content\/uploads\/2017\/02\/jonas-1024x576.jpg 1024w, http:\/\/desarrollo.grupomedios.com\/futbol\/wp-content\/uploads\/2017\/02\/jonas-317x178.jpg 317w, http:\/\/desarrollo.grupomedios.com\/futbol\/wp-content\/uploads\/2017\/02\/jonas-535x301.jpg 535w, http:\/\/desarrollo.grupomedios.com\/futbol\/wp-content\/uploads\/2017\/02\/jonas-374x210.jpg 374w\" sizes=\"(max-width: 1136px) 100vw, 1136px\" \/><\/p>\n<p>Los hombres de Fran Escrib\u00e1 remaron contracorriente a partir del minuto 32, cuando un error de Samu Castillejo, que perdi\u00f3 la pelota tras ser presionado por Emerson, provoc\u00f3 el gol del segundo con un gran disparo desde 20 metros que acab\u00f3 en la escuadra de Sergio Asenjo.<\/p>\n<p>Salvo una ocasi\u00f3n de Bakambu, apenas hubo m\u00e1s noticias del conjunto espa\u00f1ol, que en la segunda parte se desmoron\u00f3 y el triplete de Edin Dzeko, que se erigi\u00f3 como m\u00e1xima figura del duelo y de la jornada, acab\u00f3 por humillar al Villarreal. S\u00f3lo un milagro en Roma dar\u00e1 el pase al equipo castellonense.<\/p>\n<p><a href=\"https:\/\/www.futboltotal.com.mx\/wp-content\/uploads\/2017\/02\/SAlcedo.jpg\"><img decoding=\"async\" loading=\"lazy\" class=\"alignnone size-full wp-image-461688\" src=\"https:\/\/www.futboltotal.com.mx\/wp-content\/uploads\/2017\/02\/SAlcedo.jpg\" alt=\"Noche triste para los mexicanos en la Europa League 1\" srcset=\"http:\/\/desarrollo.grupomedios.com\/futbol\/wp-content\/uploads\/2017\/02\/SAlcedo.jpg 1136w, http:\/\/desarrollo.grupomedios.com\/futbol\/wp-content\/uploads\/2017\/02\/SAlcedo-300x169.jpg 300w, http:\/\/desarrollo.grupomedios.com\/futbol\/wp-content\/uploads\/2017\/02\/SAlcedo-768x432.jpg 768w, http:\/\/desarrollo.grupomedios.com\/futbol\/wp-content\/uploads\/2017\/02\/SAlcedo-1024x576.jpg 1024w, http:\/\/desarrollo.grupomedios.com\/futbol\/wp-content\/uploads\/2017\/02\/SAlcedo-317x178.jpg 317w, http:\/\/desarrollo.grupomedios.com\/futbol\/wp-content\/uploads\/2017\/02\/SAlcedo-535x301.jpg 535w, http:\/\/desarrollo.grupomedios.com\/futbol\/wp-content\/uploads\/2017\/02\/SAlcedo-374x210.jpg 374w\" sizes=\"(max-width: 1136px) 100vw, 1136px\" \/><\/a><\/p>\n<p>Mejor le fue a la <strong>Fiorentina<\/strong>, pero no al mexicano <strong>Carlos Salcedo<\/strong>, quien hoy fue descartado para el duelo ante el Borussia M\u00f6nchengladbach y no estuvo ni en el banquillo. En este a\u00f1o, el central solo ha jugado un minuto, s\u00ed, un minuto, en nueve partidos.<\/p>\n<p>Aun sin el mexicano, la <strong>Fiorentina<\/strong> dio la sorpresa en Alemania y, aunque el conjunto alem\u00e1n tuvo la mayor\u00eda de las ocasiones, la victoria fue para el equipo italiano con el mejor gol de la noche: Federico Bernardeschi, con una falta tremenda que revent\u00f3 la escuadra de la porter\u00eda germana. Fue suficiente para dejar la moneda en el aire a la espera de lo que suceda en el desenlace de la serie.<\/p>\n<p><span style=\"color: #800000;\">Manchester United gole\u00f3 al Saint Etienne<\/span><\/p>\n<p>Old Trafford vibr\u00f3 con el duelo entre el Manchester United y el Saint Etienne franc\u00e9s, donde el delantero del Manchester United Zlatan Ibrahimovic brill\u00f3 al marcar un <em>triplete<\/em> que ha dejado a los Diablos, pr\u00e1cticamente, encarrilados a Octavos de Final.<\/p>\n<p>El jugador escandinavo puso con ventaja a su equipo ante el Saint-\u00c8tienne franc\u00e9s y el 3-0, en un choque dominado por el cuadro ingl\u00e9s con un disparo de Paul Pogba al palo incluido, dio a los Diablos Rojos, salvo hecatombe en Francia, la clasificaci\u00f3n para octavos.<\/p>\n<p>Ibrahimovic hizo el primero con algo de suerte tras lanzar una falta centrada y floja que entr\u00f3 con incertidumbre dentro de la porter\u00eda del Saint Etienne. Despu\u00e9s, en la segunda parte repiti\u00f3 con un remate dentro del \u00e1rea y con un penalti que transform\u00f3 para sumar 23 goles esta temporada en todas las competiciones.<\/p>\n<p>&nbsp;<\/p>\n","protected":false},"excerpt":{"rendered":"<p>Jona dos Santos y el Villarreal fueron humillados por la Roma; Salcedo no sali\u00f3 ni a la banca.<\/p>\n","protected":false},"author":20,"featured_media":461681,"comment_status":"closed","ping_status":"closed","sticky":false,"template":"","format":"standard","meta":[],"categories":[3857,3839,5951],"tags":[5531,516,48,2607],"_links":{"self":[{"href":"http:\/\/desarrollo.grupomedios.com\/futbol\/wp-json\/wp\/v2\/posts\/461677"}],"collection":[{"href":"http:\/\/desarrollo.grupomedios.com\/futbol\/wp-json\/wp\/v2\/posts"}],"about":[{"href":"http:\/\/desarrollo.grupomedios.com\/futbol\/wp-json\/wp\/v2\/types\/post"}],"author":[{"embeddable":true,"href":"http:\/\/desarrollo.grupomedios.com\/futbol\/wp-json\/wp\/v2\/users\/20"}],"replies":[{"embeddable":true,"href":"http:\/\/desarrollo.grupomedios.com\/futbol\/wp-json\/wp\/v2\/comments?post=461677"}],"version-history":[{"count":0,"href":"http:\/\/desarrollo.grupomedios.com\/futbol\/wp-json\/wp\/v2\/posts\/461677\/revisions"}],"wp:featuredmedia":[{"embeddable":true,"href":"http:\/\/desarrollo.grupomedios.com\/futbol\/wp-json\/wp\/v2\/media\/461681"}],"wp:attachment":[{"href":"http:\/\/desarrollo.grupomedios.com\/futbol\/wp-json\/wp\/v2\/media?parent=461677"}],"wp:term":[{"taxonomy":"category","embeddable":true,"href":"http:\/\/desarrollo.grupomedios.com\/futbol\/wp-json\/wp\/v2\/categories?post=461677"},{"taxonomy":"post_tag","embeddable":true,"href":"http:\/\/desarrollo.grupomedios.com\/futbol\/wp-json\/wp\/v2\/tags?post=461677"}],"curies":[{"name":"wp","href":"https:\/\/api.w.org\/{rel}","templated":true}]}}