{"id":461731,"date":"2017-02-16T19:33:46","date_gmt":"2017-02-17T01:33:46","guid":{"rendered":"https:\/\/www.futboltotal.com.mx\/?p=461731"},"modified":"2017-02-16T19:33:46","modified_gmt":"2017-02-17T01:33:46","slug":"marcelo-barovero-pone-fecha-a-retiro","status":"publish","type":"post","link":"http:\/\/desarrollo.grupomedios.com\/futbol\/futbol-mexicano\/marcelo-barovero-pone-fecha-a-retiro\/2017\/02","title":{"rendered":"\u00bfMarcelo Barovero pone fecha a su retiro?"},"content":{"rendered":"<p>En una entrevista, el portero del <strong>Necaxa<\/strong>, <strong>Marcelo Barovero<\/strong>, revel\u00f3 el nivel de amor que siente por el futbol y la fecha en la que podr\u00eda decir adi\u00f3s a las canchas del balompi\u00e9. El h\u00e9roe de los <em>Rayos<\/em> tambi\u00e9n coment\u00f3 que est\u00e1 contento de vivir en Aguascalientes.<\/p>\n<p>\u201cEl jugador piensa en muchas cosas, no me veo como entrenador, ver\u00e9 cuando me retire. Tomar\u00e9 el curso pero hoy por hoy estoy enfocado en mis ocho o nueve a\u00f1os de carrera que me quedan (hasta la edad de 40 o 41) \u201d, explic\u00f3 <strong>Marcelo Barovero<\/strong>, en charla con el portal de <em>Medio Tiempo<\/em>.<\/p>\n<p>A pesar de haber vivido por 13 a\u00f1os en su natal Argentina, y de jugar para uno de los grandes del balompi\u00e9 pampero, River Plate, el cancerbero de <strong>Necaxa<\/strong> comparte que est\u00e1 tranquilo y dichoso de vivir en Aguascalientes, tierra donde los <em>Rayos<\/em> juegan desde hace casi 14 a\u00f1os. Cabe destacar que el portero rojiblanco festejar\u00e1 su cumplea\u00f1os 33 el pr\u00f3ximo 18 de febrero, cuando los <em>hidroc\u00e1lidos<\/em> reciban al Quer\u00e9taro en el estadio Victoria.<\/p>\n<p style=\"text-align: center;\"><span style=\"color: #3366ff;\"><a style=\"color: #3366ff;\" href=\"https:\/\/www.futboltotal.com.mx\/2017\/02\/se-perfila-mejor-portero-liga-mx\/\" target=\"_blank\"><strong>LEER M\u00c1S: \u00bfQui\u00e9n es el mejor portero del Clausura 2017?<\/strong><\/a><\/span><\/p>\n<p>\u201cEstoy muy c\u00f3modo aqu\u00ed en Aguascalientes, trato de disfrutar el d\u00eda a d\u00eda, estar con mi esposa y mis hijos, llevarlos al colegio, venir a entrenar, volver y comer con ellos. Son cosas que hab\u00eda dejado de lado por las distancias y estoy disfrutando esto. El clima es algo que me gusta mucho, conjugar todo me pone muy feliz\u201d, acot\u00f3 el guardameta.<\/p>\n<p><strong>S\u00edguenos en Twitter<\/strong>: <a href=\"https:\/\/twitter.com\/MXFutbolTotal\" target=\"_blank\">@MXFutbolTotal<\/a><\/p>\n","protected":false},"excerpt":{"rendered":"<p>El cancerbero de Necaxa comparte la edad a la que quiere colgar los guantes.<\/p>\n","protected":false},"author":20,"featured_media":461733,"comment_status":"closed","ping_status":"closed","sticky":false,"template":"","format":"standard","meta":[],"categories":[2198,3845],"tags":[6870,261],"_links":{"self":[{"href":"http:\/\/desarrollo.grupomedios.com\/futbol\/wp-json\/wp\/v2\/posts\/461731"}],"collection":[{"href":"http:\/\/desarrollo.grupomedios.com\/futbol\/wp-json\/wp\/v2\/posts"}],"about":[{"href":"http:\/\/desarrollo.grupomedios.com\/futbol\/wp-json\/wp\/v2\/types\/post"}],"author":[{"embeddable":true,"href":"http:\/\/desarrollo.grupomedios.com\/futbol\/wp-json\/wp\/v2\/users\/20"}],"replies":[{"embeddable":true,"href":"http:\/\/desarrollo.grupomedios.com\/futbol\/wp-json\/wp\/v2\/comments?post=461731"}],"version-history":[{"count":0,"href":"http:\/\/desarrollo.grupomedios.com\/futbol\/wp-json\/wp\/v2\/posts\/461731\/revisions"}],"wp:featuredmedia":[{"embeddable":true,"href":"http:\/\/desarrollo.grupomedios.com\/futbol\/wp-json\/wp\/v2\/media\/461733"}],"wp:attachment":[{"href":"http:\/\/desarrollo.grupomedios.com\/futbol\/wp-json\/wp\/v2\/media?parent=461731"}],"wp:term":[{"taxonomy":"category","embeddable":true,"href":"http:\/\/desarrollo.grupomedios.com\/futbol\/wp-json\/wp\/v2\/categories?post=461731"},{"taxonomy":"post_tag","embeddable":true,"href":"http:\/\/desarrollo.grupomedios.com\/futbol\/wp-json\/wp\/v2\/tags?post=461731"}],"curies":[{"name":"wp","href":"https:\/\/api.w.org\/{rel}","templated":true}]}}