{"id":461737,"date":"2017-02-16T19:56:11","date_gmt":"2017-02-17T01:56:11","guid":{"rendered":"https:\/\/www.futboltotal.com.mx\/?p=461737"},"modified":"2017-02-16T19:56:41","modified_gmt":"2017-02-17T01:56:41","slug":"pavel-pardo-invitado-de-chivas-tv-para-el-clasico","status":"publish","type":"post","link":"http:\/\/desarrollo.grupomedios.com\/futbol\/destacado-home\/pavel-pardo-invitado-de-chivas-tv-para-el-clasico\/2017\/02","title":{"rendered":"Chivas TV tendr\u00e1 a \u00eddolo americanista como invitado para el Cl\u00e1sico"},"content":{"rendered":"<p><strong>Chivas TV<\/strong> se est\u00e1 preparando para el <em>Cl\u00e1sico de Cl\u00e1sicos<\/em> de la Liga MX, partido para el que quiere una transmisi\u00f3n especial, pues ser\u00e1 el segundo duelo entre Guadalajara y Am\u00e9rica, donde tendr\u00e1 la exclusiva, a menos de un a\u00f1o de su creaci\u00f3n.<\/p>\n<p>A trav\u00e9s de redes sociales, <strong>Chivas TV<\/strong> anunci\u00f3 que <strong>Pavel Pardo<\/strong>, quien naci\u00f3 en Guadalajara pero se convirti\u00f3 en un \u00eddolo del Am\u00e9rica, ser\u00e1 su invitado especial para la transmisi\u00f3n del Cl\u00e1sico de Cl\u00e1sicos del Clausura 2017.<\/p>\n<p style=\"text-align: center;\"><span style=\"color: #3366ff;\"><a style=\"color: #3366ff;\" href=\"https:\/\/www.futboltotal.com.mx\/2017\/02\/guia-supervivencia-del-clasico-anti-chivas-anti-aguilas\/\" target=\"_blank\"><strong>LEER M\u00c1S: Gu\u00eda de supervivencia del Cl\u00e1sico, para aficionados anti Chivas y anti \u00c1guilas<\/strong><\/a><\/span><\/p>\n<blockquote class=\"twitter-tweet\" data-lang=\"es\">\n<p dir=\"ltr\" lang=\"es\">Naci\u00f3 en Guadalajara y le entreg\u00f3 su vida al Am\u00e9rica. \u00a1<a href=\"https:\/\/twitter.com\/pavelpardo8\">@pavelpardo8<\/a> ser\u00e1 nuestro invitado en <a href=\"https:\/\/twitter.com\/hashtag\/ChivasTV?src=hash\">#ChivasTV<\/a>! <a href=\"https:\/\/t.co\/G9r1UTIjoo\">pic.twitter.com\/G9r1UTIjoo<\/a><\/p>\n<p>\u2014 ChivasTV (@chivastvmx) <a href=\"https:\/\/twitter.com\/chivastvmx\/status\/832404509313753089\">17 de febrero de 2017<\/a><\/p><\/blockquote>\n<p><script async src=\"\/\/platform.twitter.com\/widgets.js\" charset=\"utf-8\"><\/script><\/p>\n<p><strong>Pavel Pardo<\/strong> naci\u00f3 en Guadalajara, Jalisco, debut\u00f3 en la Liga MX con Atlas en 1993, jug\u00f3 para Tecos de 1998 a 1999 y enseguida fue fichado por Am\u00e9rica para militar de 1999 a 2006, donde gana dos t\u00edtulos de Primera Divisi\u00f3n. Fue fichado en 2006 por Stuttgart de Alemania, donde gan\u00f3 la Bundesliga 2006-07.<\/p>\n<p>Regres\u00f3 a Am\u00e9rica en 2009, donde permaneci\u00f3 hasta 2011 cuando emigra a Estados Unidos para jugar con el Chicago Fire de la MLS, conjunto con el que se retira, en 2013.<\/p>\n<p><strong>S\u00edguenos en Twitter:<\/strong> <a href=\"https:\/\/twitter.com\/MXFutbolTotal\" target=\"_blank\">@MXFutbolTotal<\/a><\/p>\n","protected":false},"excerpt":{"rendered":"<p>Pavel Pardo ser\u00e1 el colaborador especial en la transmisi\u00f3n del Chivas vs Am\u00e9rica.<\/p>\n","protected":false},"author":20,"featured_media":461741,"comment_status":"closed","ping_status":"closed","sticky":false,"template":"","format":"standard","meta":[],"categories":[5,2198,3845],"tags":[5959,70,7110],"_links":{"self":[{"href":"http:\/\/desarrollo.grupomedios.com\/futbol\/wp-json\/wp\/v2\/posts\/461737"}],"collection":[{"href":"http:\/\/desarrollo.grupomedios.com\/futbol\/wp-json\/wp\/v2\/posts"}],"about":[{"href":"http:\/\/desarrollo.grupomedios.com\/futbol\/wp-json\/wp\/v2\/types\/post"}],"author":[{"embeddable":true,"href":"http:\/\/desarrollo.grupomedios.com\/futbol\/wp-json\/wp\/v2\/users\/20"}],"replies":[{"embeddable":true,"href":"http:\/\/desarrollo.grupomedios.com\/futbol\/wp-json\/wp\/v2\/comments?post=461737"}],"version-history":[{"count":0,"href":"http:\/\/desarrollo.grupomedios.com\/futbol\/wp-json\/wp\/v2\/posts\/461737\/revisions"}],"wp:featuredmedia":[{"embeddable":true,"href":"http:\/\/desarrollo.grupomedios.com\/futbol\/wp-json\/wp\/v2\/media\/461741"}],"wp:attachment":[{"href":"http:\/\/desarrollo.grupomedios.com\/futbol\/wp-json\/wp\/v2\/media?parent=461737"}],"wp:term":[{"taxonomy":"category","embeddable":true,"href":"http:\/\/desarrollo.grupomedios.com\/futbol\/wp-json\/wp\/v2\/categories?post=461737"},{"taxonomy":"post_tag","embeddable":true,"href":"http:\/\/desarrollo.grupomedios.com\/futbol\/wp-json\/wp\/v2\/tags?post=461737"}],"curies":[{"name":"wp","href":"https:\/\/api.w.org\/{rel}","templated":true}]}}