{"id":461765,"date":"2017-02-17T08:40:10","date_gmt":"2017-02-17T14:40:10","guid":{"rendered":"https:\/\/www.futboltotal.com.mx\/?p=461765"},"modified":"2017-02-17T08:40:10","modified_gmt":"2017-02-17T14:40:10","slug":"gareth-bale-vuelve-real-madrid","status":"publish","type":"post","link":"http:\/\/desarrollo.grupomedios.com\/futbol\/futbol-internacional\/gareth-bale-vuelve-real-madrid\/2017\/02","title":{"rendered":"Gareth Bale vuelve con el Real Madrid"},"content":{"rendered":"<p>El gal\u00e9s Gareth Bale regresa a una convocatoria del Real Madrid 93 d\u00edas despu\u00e9s de caer lesionado y reaparecer\u00e1 ante el Espanyol, como confirm\u00f3 Zinedine Zidane, quien tras el gran desgaste f\u00edsico realizado en Liga de Campeones deja fuera a Keylor Navas, Sergio Ramos, Luka Modric y Karim Benzema.<\/p>\n<p>Zidane anunci\u00f3 rotaciones y en la lista de convocados ya se ejecutan, quedando fuera titulares indiscutibles tras el exigente trabajo f\u00edsico que realizaron ante el N\u00e1poles el pasado mi\u00e9rcoles.<\/p>\n<p>https:\/\/twitter.com\/realmadrid\/status\/832558465386164224<\/p>\n<p>El Real Madrid no podr\u00e1 contar ante el Espanyol por molestias con Sergio Ramos, reservado por un golpe en la cadera derecha, y en la enfermer\u00eda vuelven a estar con molestias musculares el portugu\u00e9s Fabio Coentrao y el brasile\u00f1o Danilo.<\/p>\n<p>Mientras, Zidane descarta por decisi\u00f3n t\u00e9cnica al costarricense Keylor Navas, para dar minutos a Kiko Casilla que no ha vuelto a jugar por la eliminaci\u00f3n de Copa del Rey y perd\u00eda protagonismo. Y cuida al croata Modric que acaba de regresar de una lesi\u00f3n y no quiere forzarlo, como al franc\u00e9s Benzema que por sorpresa se queda fuera despu\u00e9s de su mejor partido del curso.<\/p>\n<p style=\"text-align: center;\"><span style=\"color: #3366ff;\"><a style=\"color: #3366ff;\" href=\"https:\/\/www.futboltotal.com.mx\/2017\/02\/que-tanto-sabes-del-clasico-chivas-vs-america\/\">LEER M\u00c1S: QUIZ | \u00bfQu\u00e9 tanto sabes del Cl\u00e1sico de Cl\u00e1sicos?<\/a><\/span><\/p>\n<p>Son novedades la presencia de Luca Zidane como tercer portero, ser\u00e1 el \u00faltimo descarte el d\u00eda del partido, m\u00e1s la vuelta a la citaci\u00f3n de Marco Asensio y el dominicano Mariano.<\/p>\n<p>Integran la convocatoria madridista: Kiko Casilla, Rub\u00e9n Y\u00e1\u00f1ez, Luca Zidane, Dani Carvajal, Pepe, Varane, Nacho, Marcelo, Casemiro, Kroos, Kovacic, Isco, Marco Asensio, James, Lucas V\u00e1zquez, Bale, Cristiano Ronaldo, Morata y Mariano.<\/p>\n","protected":false},"excerpt":{"rendered":"<p>El Gal\u00e9s podr\u00eda regresar tras una lesi\u00f3n.<\/p>\n","protected":false},"author":144,"featured_media":460287,"comment_status":"closed","ping_status":"closed","sticky":false,"template":"","format":"standard","meta":[],"categories":[3839,5951],"tags":[6043,5988],"_links":{"self":[{"href":"http:\/\/desarrollo.grupomedios.com\/futbol\/wp-json\/wp\/v2\/posts\/461765"}],"collection":[{"href":"http:\/\/desarrollo.grupomedios.com\/futbol\/wp-json\/wp\/v2\/posts"}],"about":[{"href":"http:\/\/desarrollo.grupomedios.com\/futbol\/wp-json\/wp\/v2\/types\/post"}],"author":[{"embeddable":true,"href":"http:\/\/desarrollo.grupomedios.com\/futbol\/wp-json\/wp\/v2\/users\/144"}],"replies":[{"embeddable":true,"href":"http:\/\/desarrollo.grupomedios.com\/futbol\/wp-json\/wp\/v2\/comments?post=461765"}],"version-history":[{"count":0,"href":"http:\/\/desarrollo.grupomedios.com\/futbol\/wp-json\/wp\/v2\/posts\/461765\/revisions"}],"wp:featuredmedia":[{"embeddable":true,"href":"http:\/\/desarrollo.grupomedios.com\/futbol\/wp-json\/wp\/v2\/media\/460287"}],"wp:attachment":[{"href":"http:\/\/desarrollo.grupomedios.com\/futbol\/wp-json\/wp\/v2\/media?parent=461765"}],"wp:term":[{"taxonomy":"category","embeddable":true,"href":"http:\/\/desarrollo.grupomedios.com\/futbol\/wp-json\/wp\/v2\/categories?post=461765"},{"taxonomy":"post_tag","embeddable":true,"href":"http:\/\/desarrollo.grupomedios.com\/futbol\/wp-json\/wp\/v2\/tags?post=461765"}],"curies":[{"name":"wp","href":"https:\/\/api.w.org\/{rel}","templated":true}]}}