{"id":461789,"date":"2017-02-17T10:08:34","date_gmt":"2017-02-17T16:08:34","guid":{"rendered":"https:\/\/www.futboltotal.com.mx\/?p=461789"},"modified":"2017-02-17T10:08:34","modified_gmt":"2017-02-17T16:08:34","slug":"falso-gignac-causo-la-locura-en-concierto-justin-bieber","status":"publish","type":"post","link":"http:\/\/desarrollo.grupomedios.com\/futbol\/futbol-mexicano\/falso-gignac-causo-la-locura-en-concierto-justin-bieber\/2017\/02","title":{"rendered":"Falso Gignac caus\u00f3 la locura en concierto de Justin Bieber"},"content":{"rendered":"<p>El \u00eddolo pop <strong>Justin Bieber<\/strong> se present\u00f3 recientemente en el estadio Monterrey para ofrecer un concierto ante sus fans regiomontanos, pero la emoci\u00f3n de los (o las) presentes empez\u00f3 a manifestarse desde antes de que iniciara el evento, pues en los pasillos se encontraron con el doble de <strong>Andr\u00e9-Pierre Gignac<\/strong>.<\/p>\n<p>S\u00ed, no se trataba realmente del delantero franc\u00e9s de los <strong>Tigres<\/strong>, sino de un joven mexicano quien tiene un gran parecido con <em>Ded\u00e9<\/em> y al ser reconocido o confundido por la gente que acudi\u00f3 al concierto caus\u00f3 que varias personas se acercaran a \u00e9l para pedirle que se tomaran una foto.<\/p>\n<p><a href=\"https:\/\/www.futboltotal.com.mx\/2017\/02\/miguel-herrera-retiro-yasser-corona-chisme\/\">VER M\u00c1S: MIGUEL HERRERA: &#8220;EL RETIRO DE YASSER CORONA ES UN CHISME&#8221;<\/a><\/p>\n<p>A trav\u00e9s de redes sociales se difundi\u00f3 el video en el que aparece este personaje rodeado de chicas y algunos j\u00f3venes que se toman una selfie con \u00e9l creyendo que era el franc\u00e9s, aunque incluso se oye a una persona diciendo &#8220;ya s\u00e9 que no es pero por&#8230;&#8221;, mientras que otras personas le entonan el c\u00e1ntico &#8220;B\u00f3mboro Gignac Gignac&#8230;&#8221;.<\/p>\n<p><iframe loading=\"lazy\" src=\"https:\/\/www.youtube.com\/embed\/zQX-LOziucU\" frameborder=\"0\" allowfullscreen=\"allowfullscreen\"><\/iframe><\/p>\n<p class=\"p1\"><span class=\"s1\"><b>S\u00edguenos en Twitter<\/b>:\u00a0<a href=\"https:\/\/twitter.com\/MXFutbolTotal\"><span class=\"s2\">@MXFutbolTotal<\/span><\/a><\/span><\/p>\n","protected":false},"excerpt":{"rendered":"<p>El personaje fue rodeado de chicas que se toman una selfie con \u00e9l creyendo que era el franc\u00e9s.<\/p>\n","protected":false},"author":20,"featured_media":450792,"comment_status":"closed","ping_status":"closed","sticky":false,"template":"","format":"standard","meta":[],"categories":[5419,2198,3845],"tags":[5564,5430,7150,64,5966,5973,444],"_links":{"self":[{"href":"http:\/\/desarrollo.grupomedios.com\/futbol\/wp-json\/wp\/v2\/posts\/461789"}],"collection":[{"href":"http:\/\/desarrollo.grupomedios.com\/futbol\/wp-json\/wp\/v2\/posts"}],"about":[{"href":"http:\/\/desarrollo.grupomedios.com\/futbol\/wp-json\/wp\/v2\/types\/post"}],"author":[{"embeddable":true,"href":"http:\/\/desarrollo.grupomedios.com\/futbol\/wp-json\/wp\/v2\/users\/20"}],"replies":[{"embeddable":true,"href":"http:\/\/desarrollo.grupomedios.com\/futbol\/wp-json\/wp\/v2\/comments?post=461789"}],"version-history":[{"count":0,"href":"http:\/\/desarrollo.grupomedios.com\/futbol\/wp-json\/wp\/v2\/posts\/461789\/revisions"}],"wp:featuredmedia":[{"embeddable":true,"href":"http:\/\/desarrollo.grupomedios.com\/futbol\/wp-json\/wp\/v2\/media\/450792"}],"wp:attachment":[{"href":"http:\/\/desarrollo.grupomedios.com\/futbol\/wp-json\/wp\/v2\/media?parent=461789"}],"wp:term":[{"taxonomy":"category","embeddable":true,"href":"http:\/\/desarrollo.grupomedios.com\/futbol\/wp-json\/wp\/v2\/categories?post=461789"},{"taxonomy":"post_tag","embeddable":true,"href":"http:\/\/desarrollo.grupomedios.com\/futbol\/wp-json\/wp\/v2\/tags?post=461789"}],"curies":[{"name":"wp","href":"https:\/\/api.w.org\/{rel}","templated":true}]}}