{"id":461796,"date":"2017-02-17T10:30:40","date_gmt":"2017-02-17T16:30:40","guid":{"rendered":"https:\/\/www.futboltotal.com.mx\/?p=461796"},"modified":"2017-02-17T10:30:40","modified_gmt":"2017-02-17T16:30:40","slug":"marco-fabian-ya-tendria-fecha-regresar-eintracht","status":"publish","type":"post","link":"http:\/\/desarrollo.grupomedios.com\/futbol\/futbol-internacional\/marco-fabian-ya-tendria-fecha-regresar-eintracht\/2017\/02","title":{"rendered":"Marco Fabi\u00e1n ya tendr\u00eda fecha para regresar con el Eintracht"},"content":{"rendered":"<p>Luego de casi un mes de baja, el mexicano <strong>Marco Fabi\u00e1n<\/strong> ya tendr\u00eda fecha para su regreso con el Eintracht Frankfurt, as\u00ed lo inform\u00f3 el t\u00e9cnico croata, Niko Kovac.<\/p>\n<p>Previo al partido que las \u00c1guilas tendr\u00e1n frente al Igolstad, el mismo timonel explic\u00f3 que el jalisciense volver\u00e1 a los entrenamientos la siguiente semana, por lo que existe probabilidades de que juegue contra el Hertha Berl\u00edn el 25 de febrero.<\/p>\n<blockquote><p>&#8220;<strong>Marco Fabi\u00e1n<\/strong> vuelve la pr\u00f3xima semana a los entrenamientos&#8221;, mencion\u00f3 en conferencia de prensa previa al compromiso contra Ingolstad, al que consider\u00f3 un rival complicado sin importar el lugar que ocupan en la Bundesliga.<\/p>\n<p>&#8220;Es un equipo que permanecer\u00e1 en la Bundesliga, tiene mucha calidad, pueden estar en el lugar 17 pero luchan hasta el \u00faltimo minuto y ser\u00e1 un partido dif\u00edcil&#8221;, apunt\u00f3.<\/p><\/blockquote>\n<p>El Eintracht recibir\u00e1 al Ingolstad en el Commerzbank Arena con la \u00fanica finalidad de mantenerse en la parte alta de la tabla, pues en la actualidad tienen 35 unidades y se ubican en el tercer escal\u00f3n, solo por detr\u00e1s del l\u00edder Bayer Munich (49) y el Leipzig (42).<\/p>\n<p style=\"text-align: center;\"><span style=\"color: #3366ff;\"><a style=\"color: #3366ff;\" href=\"https:\/\/www.futboltotal.com.mx\/2017\/02\/la-volpe-culpo-al-cuau-5-0-vs-chivas-german-villa\/\">LEER M\u00c1S: La Volpe culp\u00f3 al Cuau de 5-0 vs Chivas: Germ\u00e1n Villa<\/a><\/span><\/p>\n<p>El mexicano no tiene actividad en la Bundesliga en lo que va del a\u00f1o, su \u00faltimo partido fue el 20 de diciembre contra Mainz y luego en la pretemporada invernal en Medio Oriente sufri\u00f3 la lesi\u00f3n que lo ha dejado apartado de las canchas.<\/p>\n<p>El seleccionado tricolor ha sido titular en 13 ocasiones en lo que va de la campa\u00f1a en la Liga de Alemania y su rendimiento ha sido notable pues en todos esos compromisos completo los minutos, regularidad que espera retomar una vez que se haya recuperado al cien por ciento.<\/p>\n","protected":false},"excerpt":{"rendered":"<p>El mexicano regresar\u00e1 a entrenar la pr\u00f3xima semana.<\/p>\n","protected":false},"author":20,"featured_media":457749,"comment_status":"closed","ping_status":"closed","sticky":false,"template":"","format":"standard","meta":[],"categories":[3839,5951],"tags":[3588,131],"_links":{"self":[{"href":"http:\/\/desarrollo.grupomedios.com\/futbol\/wp-json\/wp\/v2\/posts\/461796"}],"collection":[{"href":"http:\/\/desarrollo.grupomedios.com\/futbol\/wp-json\/wp\/v2\/posts"}],"about":[{"href":"http:\/\/desarrollo.grupomedios.com\/futbol\/wp-json\/wp\/v2\/types\/post"}],"author":[{"embeddable":true,"href":"http:\/\/desarrollo.grupomedios.com\/futbol\/wp-json\/wp\/v2\/users\/20"}],"replies":[{"embeddable":true,"href":"http:\/\/desarrollo.grupomedios.com\/futbol\/wp-json\/wp\/v2\/comments?post=461796"}],"version-history":[{"count":0,"href":"http:\/\/desarrollo.grupomedios.com\/futbol\/wp-json\/wp\/v2\/posts\/461796\/revisions"}],"wp:featuredmedia":[{"embeddable":true,"href":"http:\/\/desarrollo.grupomedios.com\/futbol\/wp-json\/wp\/v2\/media\/457749"}],"wp:attachment":[{"href":"http:\/\/desarrollo.grupomedios.com\/futbol\/wp-json\/wp\/v2\/media?parent=461796"}],"wp:term":[{"taxonomy":"category","embeddable":true,"href":"http:\/\/desarrollo.grupomedios.com\/futbol\/wp-json\/wp\/v2\/categories?post=461796"},{"taxonomy":"post_tag","embeddable":true,"href":"http:\/\/desarrollo.grupomedios.com\/futbol\/wp-json\/wp\/v2\/tags?post=461796"}],"curies":[{"name":"wp","href":"https:\/\/api.w.org\/{rel}","templated":true}]}}