{"id":461800,"date":"2017-02-17T11:18:23","date_gmt":"2017-02-17T17:18:23","guid":{"rendered":"https:\/\/www.futboltotal.com.mx\/?p=461800"},"modified":"2017-02-17T11:21:51","modified_gmt":"2017-02-17T17:21:51","slug":"la-aficion-cule-ya-eligio-al-tecnico-quisiera-en-banquillo-jorge-sampaoli","status":"publish","type":"post","link":"http:\/\/desarrollo.grupomedios.com\/futbol\/futbol-internacional\/la-aficion-cule-ya-eligio-al-tecnico-quisiera-en-banquillo-jorge-sampaoli\/2017\/02","title":{"rendered":"La afici\u00f3n cul\u00e9 ya eligi\u00f3 al t\u00e9cnico que quisiera en su banquillo"},"content":{"rendered":"<p>El director t\u00e9cnico argentino <strong>Jorge Sampaoli<\/strong> (entrenador del Sevilla de Espa\u00f1a), es el favorito de la afici\u00f3n del Barcelona para ocupar el banquillo de su club para\u00a0la temporada 2017-18, en lugar de Luis Enrique, actual estratega <em>cul\u00e9<\/em>.<\/p>\n<p>https:\/\/twitter.com\/FCBarcelona_cat\/status\/784512433176084481<\/p>\n<p style=\"text-align: center;\"><a href=\"https:\/\/www.futboltotal.com.mx\/2017\/02\/la-generacion-msn-busca-hacer-su-propia-historia-luis-suarez\/\"><span style=\"color: #3366ff;\">LEER M\u00c1S:\u00a0La generaci\u00f3n MSN busca pasar a la historia: Su\u00e1rez<\/span><\/a><\/p>\n<p>El t\u00e9cnico asturiano es marcado como el responsable de la goleada de\u00a04-0 sufrida por\u00a0el Barcelona a manos del\u00a0Par\u00eds Saint-Germain, por ello se duda sobre\u00a0su continuidad en el banquillo.<\/p>\n<p>Una encuesta hecha por el diario espa\u00f1ol <em>Marca<\/em> a 40,000 personas, arroj\u00f3 como resultado que el favorito para suceder a Luis Enrique es <strong>Jorge Sampaoli<\/strong> con un 37% de las preferencias, seguido por Ernesto Valverde (Athletic Club), con 15%. El 9% de los votantes consideran la permanencia de Luis Enrique, en tanto que Eusebio Sacrist\u00e1n (Real Sociedad) y el holand\u00e9s Ronald Koeman (Everton de Inglaterra) comparten el quinto lugar en las preferencias de los votantes.<\/p>\n<p style=\"text-align: center;\"><a href=\"https:\/\/www.futboltotal.com.mx\/2017\/02\/lionel-messi-no-es-el-mejor-ricardo-la-volpe\/\"><span style=\"color: #3366ff;\">LEER M\u00c1S:\u00a0Lionel Messi no es el mejor: Ricardo La Volpe<\/span><\/a><\/p>\n<p>Algunos encuestados tambi\u00e9n tomaron en cuenta\u00a0para el banco azulgrana a los t\u00e9cnicos Quique Seti\u00e9n (Las Palmas), \u00d3scar Garc\u00eda (Red Bull Salzburg de Austria), el argentino Eduardo Berizzo (Celta de Vigo), y los holandeses Phillip Cocu (PSV de Holanda) \u00a0y Frank de Boer (sin equipo).<\/p>\n<p><b>S\u00edguenos en <span id=\"m_-8577288675106309742goog_2054972132\"><\/span>Twitter <a href=\"https:\/\/twitter.com\/MXFutbolTotal\" target=\"_blank\" data-saferedirecturl=\"https:\/\/www.google.com\/url?hl=es&amp;q=https:\/\/twitter.com\/MXFutbolTotal&amp;source=gmail&amp;ust=1487431492352000&amp;usg=AFQjCNHItpPCQoyXP9Ka1aCRuY0C25KN7w\">@MXFutbolTotal<\/a><\/b><\/p>\n","protected":false},"excerpt":{"rendered":"<p>La goleada de 4-0 sufrida ante el PSG puso en aprietos a Luis Enrique.<\/p>\n","protected":false},"author":20,"featured_media":461807,"comment_status":"closed","ping_status":"closed","sticky":false,"template":"","format":"standard","meta":[],"categories":[3841,3839,3844],"tags":[8239,4520,4051],"_links":{"self":[{"href":"http:\/\/desarrollo.grupomedios.com\/futbol\/wp-json\/wp\/v2\/posts\/461800"}],"collection":[{"href":"http:\/\/desarrollo.grupomedios.com\/futbol\/wp-json\/wp\/v2\/posts"}],"about":[{"href":"http:\/\/desarrollo.grupomedios.com\/futbol\/wp-json\/wp\/v2\/types\/post"}],"author":[{"embeddable":true,"href":"http:\/\/desarrollo.grupomedios.com\/futbol\/wp-json\/wp\/v2\/users\/20"}],"replies":[{"embeddable":true,"href":"http:\/\/desarrollo.grupomedios.com\/futbol\/wp-json\/wp\/v2\/comments?post=461800"}],"version-history":[{"count":0,"href":"http:\/\/desarrollo.grupomedios.com\/futbol\/wp-json\/wp\/v2\/posts\/461800\/revisions"}],"wp:featuredmedia":[{"embeddable":true,"href":"http:\/\/desarrollo.grupomedios.com\/futbol\/wp-json\/wp\/v2\/media\/461807"}],"wp:attachment":[{"href":"http:\/\/desarrollo.grupomedios.com\/futbol\/wp-json\/wp\/v2\/media?parent=461800"}],"wp:term":[{"taxonomy":"category","embeddable":true,"href":"http:\/\/desarrollo.grupomedios.com\/futbol\/wp-json\/wp\/v2\/categories?post=461800"},{"taxonomy":"post_tag","embeddable":true,"href":"http:\/\/desarrollo.grupomedios.com\/futbol\/wp-json\/wp\/v2\/tags?post=461800"}],"curies":[{"name":"wp","href":"https:\/\/api.w.org\/{rel}","templated":true}]}}