{"id":461806,"date":"2017-02-17T11:27:44","date_gmt":"2017-02-17T17:27:44","guid":{"rendered":"https:\/\/www.futboltotal.com.mx\/?p=461806"},"modified":"2017-02-17T11:29:17","modified_gmt":"2017-02-17T17:29:17","slug":"mats-hummels-acepto-saber-gemelo-oswaldo-alanis","status":"publish","type":"post","link":"http:\/\/desarrollo.grupomedios.com\/futbol\/futbol-mexicano\/mats-hummels-acepto-saber-gemelo-oswaldo-alanis\/2017\/02","title":{"rendered":"Mats Hummels acept\u00f3 saber de su &#8216;gemelo&#8217; Oswaldo Alan\u00eds"},"content":{"rendered":"<p>No es la primera vez que alguien encuentra un marcado parecido entre el futbolista mexicano de las <strong>Chivas<\/strong>, <strong>Oswaldo Alan\u00eds<\/strong>, y el alem\u00e1n <strong>Mats Hummels<\/strong>, ambos defensores y con facciones del rostro muy similares, pero esta vez el propio futbolista teut\u00f3n confes\u00f3 que ya sab\u00eda algo acerca de que tiene un &#8216;gemelo&#8217;.<\/p>\n<p>Por medio de redes sociales, una usuaria le pregunt\u00f3 al zaguero del Bayern Munich &#8220;\u00bfSab\u00edas que hay un jugador con el apodo de Mats Hummels mexicano en la Liga Mexicana?&#8221;.<\/p>\n<p>El tambi\u00e9n jugador de la selecci\u00f3n alemana se atrevi\u00f3 a responder al cuestionamiento con un: &#8220;No sab\u00eda sobre el apodo pero claro que he visto fotos (de \u00e9l)&#8221;.<\/p>\n<blockquote class=\"twitter-tweet\" data-lang=\"es\">\n<p dir=\"ltr\" lang=\"en\">I did not know about the nickname but i have seen pictures of course. <a href=\"https:\/\/t.co\/Ou4Z9akw2i\">https:\/\/t.co\/Ou4Z9akw2i<\/a><\/p>\n<p>\u2014 Mats Hummels (@matshummels) <a href=\"https:\/\/twitter.com\/matshummels\/status\/832611041720811522\">17 de febrero de 2017<\/a><\/p><\/blockquote>\n<p><script async src=\"\/\/platform.twitter.com\/widgets.js\" charset=\"utf-8\"><\/script><\/p>\n<p><strong>\u00bfT\u00fa qu\u00e9 crees, se parecen?<\/strong><\/p>\n<p><a href=\"https:\/\/www.futboltotal.com.mx\/wp-content\/uploads\/2017\/02\/HummelsAlanis.jpg\"><img decoding=\"async\" loading=\"lazy\" class=\"aligncenter size-full wp-image-461809\" src=\"https:\/\/www.futboltotal.com.mx\/wp-content\/uploads\/2017\/02\/HummelsAlanis.jpg\" alt=\"Mats Hummels acept\u00f3 saber de su &#8216;gemelo&#8217; Oswaldo Alan\u00eds 0\" srcset=\"http:\/\/desarrollo.grupomedios.com\/futbol\/wp-content\/uploads\/2017\/02\/HummelsAlanis.jpg 1136w, http:\/\/desarrollo.grupomedios.com\/futbol\/wp-content\/uploads\/2017\/02\/HummelsAlanis-300x169.jpg 300w, http:\/\/desarrollo.grupomedios.com\/futbol\/wp-content\/uploads\/2017\/02\/HummelsAlanis-768x432.jpg 768w, http:\/\/desarrollo.grupomedios.com\/futbol\/wp-content\/uploads\/2017\/02\/HummelsAlanis-1024x576.jpg 1024w, http:\/\/desarrollo.grupomedios.com\/futbol\/wp-content\/uploads\/2017\/02\/HummelsAlanis-317x178.jpg 317w, http:\/\/desarrollo.grupomedios.com\/futbol\/wp-content\/uploads\/2017\/02\/HummelsAlanis-535x301.jpg 535w, http:\/\/desarrollo.grupomedios.com\/futbol\/wp-content\/uploads\/2017\/02\/HummelsAlanis-374x210.jpg 374w\" sizes=\"(max-width: 1136px) 100vw, 1136px\" \/><\/a><\/p>\n<p><a href=\"https:\/\/www.futboltotal.com.mx\/2017\/02\/faitelson-se-rie-zague-me-jodas-me-chupo-dedo\/\">VER M\u00c1S: FAITELSON SE R\u00cdE DE ZAGUE Y PIETRA: &#8220;NO ME JODAN, ME CHUPO EL DEDO&#8221;<\/a><\/p>\n<p class=\"p1\"><span class=\"s1\"><b>S\u00edguenos en Twitter<\/b>:\u00a0<a href=\"https:\/\/twitter.com\/MXFutbolTotal\"><span class=\"s2\">@MXFutbolTotal<\/span><\/a><\/span><\/p>\n","protected":false},"excerpt":{"rendered":"<p>El seleccionado alem\u00e1n respondi\u00f3 en redes sociales que sab\u00eda de su &#8216;gemelo&#8217; Alan\u00eds.<\/p>\n","protected":false},"author":20,"featured_media":461809,"comment_status":"closed","ping_status":"closed","sticky":false,"template":"","format":"standard","meta":[],"categories":[5419,3839,2198,6822,3845],"tags":[8240,2056,119,70,5963,64,8241,2049],"_links":{"self":[{"href":"http:\/\/desarrollo.grupomedios.com\/futbol\/wp-json\/wp\/v2\/posts\/461806"}],"collection":[{"href":"http:\/\/desarrollo.grupomedios.com\/futbol\/wp-json\/wp\/v2\/posts"}],"about":[{"href":"http:\/\/desarrollo.grupomedios.com\/futbol\/wp-json\/wp\/v2\/types\/post"}],"author":[{"embeddable":true,"href":"http:\/\/desarrollo.grupomedios.com\/futbol\/wp-json\/wp\/v2\/users\/20"}],"replies":[{"embeddable":true,"href":"http:\/\/desarrollo.grupomedios.com\/futbol\/wp-json\/wp\/v2\/comments?post=461806"}],"version-history":[{"count":0,"href":"http:\/\/desarrollo.grupomedios.com\/futbol\/wp-json\/wp\/v2\/posts\/461806\/revisions"}],"wp:featuredmedia":[{"embeddable":true,"href":"http:\/\/desarrollo.grupomedios.com\/futbol\/wp-json\/wp\/v2\/media\/461809"}],"wp:attachment":[{"href":"http:\/\/desarrollo.grupomedios.com\/futbol\/wp-json\/wp\/v2\/media?parent=461806"}],"wp:term":[{"taxonomy":"category","embeddable":true,"href":"http:\/\/desarrollo.grupomedios.com\/futbol\/wp-json\/wp\/v2\/categories?post=461806"},{"taxonomy":"post_tag","embeddable":true,"href":"http:\/\/desarrollo.grupomedios.com\/futbol\/wp-json\/wp\/v2\/tags?post=461806"}],"curies":[{"name":"wp","href":"https:\/\/api.w.org\/{rel}","templated":true}]}}