{"id":461813,"date":"2017-02-17T12:02:42","date_gmt":"2017-02-17T18:02:42","guid":{"rendered":"https:\/\/www.futboltotal.com.mx\/?p=461813"},"modified":"2017-02-17T12:02:42","modified_gmt":"2017-02-17T18:02:42","slug":"zidane-descarta-barcelona-ya-este-eliminado-champions","status":"publish","type":"post","link":"http:\/\/desarrollo.grupomedios.com\/futbol\/futbol-internacional\/zidane-descarta-barcelona-ya-este-eliminado-champions\/2017\/02","title":{"rendered":"Zidane descarta que el Barcelona ya est\u00e9 eliminado de Champions"},"content":{"rendered":"<p>El 4-0 que recibi\u00f3 el Barcelona en la ida de los octavos de final de la Liga de Campeones ante el PSG, no es definitivo para Zinedine Zidane que afirm\u00f3 que el equipo de Luis Enrique &#8220;puede hacer cosas a\u00fan en la competici\u00f3n&#8221;, aunque confes\u00f3 que ve al equipo franc\u00e9s como &#8220;candidato para la Champions&#8221;.<\/p>\n<blockquote><p>&#8220;Vimos a un Par\u00eds Saint Germain muy fuerte y un Barcelona menos, nada m\u00e1s. Pero como siempre en el f\u00fatbol hay un partido de vuelta y hay que jugarlo, porque sabemos que el Barcelona es un muy buen equipo y que a\u00fan puede hacer cosas en esta competici\u00f3n&#8221;, asegur\u00f3 sin dar por sentenciada la eliminatoria.<\/p><\/blockquote>\n<p>Preguntado por el PSG, el t\u00e9cnico madridista lo situ\u00f3 entre los favoritos al t\u00edtulo, aunque destac\u00f3 que lo tienen que demostrar en m\u00e1s partidos de alto nivel en las rondas definitivas.<\/p>\n<p style=\"text-align: center;\"><span style=\"color: #3366ff;\"><a style=\"color: #3366ff;\" href=\"https:\/\/www.futboltotal.com.mx\/2017\/02\/la-generacion-msn-busca-hacer-su-propia-historia-luis-suarez\/\">LEER M\u00c1S: La generaci\u00f3n MSN busca pasar a la historia: Su\u00e1rez<\/a><\/span><\/p>\n<p>&#8220;El PSG siempre ha sido un gran candidato para la Champions. Es cierto que en Francia todos esperaban m\u00e1s de ellos, pero siempre demostraron que tienen un gran potencial y forman parte de los favoritos&#8221;, opin\u00f3 en rueda de prensa.<\/p>\n<blockquote><p>&#8220;El resultado que obtuvieron en Par\u00eds impresiona mucho. Tal vez a priori ahora son favoritos, pero todos los equipos quieren ganar el t\u00edtulo y es un camino muy largo y duro para todos. No es un resultado el que te hace ganar la Champions, no es suficiente para hacerlo, lo he vivido como jugar y entrenador. Perdimos 2-0 contra el Wolfsburgo el a\u00f1o pasado y acabamos ganando 3-0 en el Bernab\u00e9u. En cualquier momento puede pasar algo para remontar las eliminatorias&#8221;, a\u00f1adi\u00f3.<\/p><\/blockquote>\n<p>Por \u00faltimo, no cree Zidane que en el caso de que el Barcelona caiga en octavos de final, vaya a condicionar el pulso por LaLiga Santander que mantienen ambos, al tener menos desgaste hasta el final el equipo de Luis Enrique. &#8220;No va a cambiar nada para nosotros. No tenemos que mirar a los dem\u00e1s, solo lo que hacemos nosotros&#8221;. EFE<\/p>\n","protected":false},"excerpt":{"rendered":"<p>El t\u00e9cnico asegur\u00f3 que los Blaugranas pueden remontar.<\/p>\n","protected":false},"author":144,"featured_media":449224,"comment_status":"closed","ping_status":"closed","sticky":false,"template":"","format":"standard","meta":[],"categories":[3839,5951],"tags":[5984,36,114,5988,2215],"_links":{"self":[{"href":"http:\/\/desarrollo.grupomedios.com\/futbol\/wp-json\/wp\/v2\/posts\/461813"}],"collection":[{"href":"http:\/\/desarrollo.grupomedios.com\/futbol\/wp-json\/wp\/v2\/posts"}],"about":[{"href":"http:\/\/desarrollo.grupomedios.com\/futbol\/wp-json\/wp\/v2\/types\/post"}],"author":[{"embeddable":true,"href":"http:\/\/desarrollo.grupomedios.com\/futbol\/wp-json\/wp\/v2\/users\/144"}],"replies":[{"embeddable":true,"href":"http:\/\/desarrollo.grupomedios.com\/futbol\/wp-json\/wp\/v2\/comments?post=461813"}],"version-history":[{"count":0,"href":"http:\/\/desarrollo.grupomedios.com\/futbol\/wp-json\/wp\/v2\/posts\/461813\/revisions"}],"wp:featuredmedia":[{"embeddable":true,"href":"http:\/\/desarrollo.grupomedios.com\/futbol\/wp-json\/wp\/v2\/media\/449224"}],"wp:attachment":[{"href":"http:\/\/desarrollo.grupomedios.com\/futbol\/wp-json\/wp\/v2\/media?parent=461813"}],"wp:term":[{"taxonomy":"category","embeddable":true,"href":"http:\/\/desarrollo.grupomedios.com\/futbol\/wp-json\/wp\/v2\/categories?post=461813"},{"taxonomy":"post_tag","embeddable":true,"href":"http:\/\/desarrollo.grupomedios.com\/futbol\/wp-json\/wp\/v2\/tags?post=461813"}],"curies":[{"name":"wp","href":"https:\/\/api.w.org\/{rel}","templated":true}]}}