{"id":461823,"date":"2017-02-17T12:41:43","date_gmt":"2017-02-17T18:41:43","guid":{"rendered":"https:\/\/www.futboltotal.com.mx\/?p=461823"},"modified":"2017-02-17T16:52:17","modified_gmt":"2017-02-17T22:52:17","slug":"cuando-clasico-explota-hermosillo-la-batalla-1986","status":"publish","type":"post","link":"http:\/\/desarrollo.grupomedios.com\/futbol\/videos\/cuando-clasico-explota-hermosillo-la-batalla-1986\/2017\/02","title":{"rendered":"Cuando el Cl\u00e1sico explota: Hermosillo narra la batalla de 1986"},"content":{"rendered":"<p>Aunque en los \u00faltimos a\u00f1os la pasi\u00f3n que se pod\u00eda ver en los <strong>Cl\u00e1sicos<\/strong> entre <strong>Chivas y Am\u00e9rica<\/strong> parece haber venido a menos,hubo una \u00e9poca en la que estos duelos se jugaban con tal intensidad que se ve\u00eda reflejado incluso en tremendas peleas entre los jugadores de ambos equipos, tal y como lo vivi\u00f3 Carlos Hermosillo.<\/p>\n<p>El Grandote de Cerro Azul fue uno de los protagonistas que estuvo en la batalla campal del 17 de agosto de 1986 en la cancha del estadio Azteca. Fernando Quirarte y Hermosillo iniciaron la trifulca, pero segundos despu\u00e9s todos los jugadores en el campo y m\u00e1s ya estaban involucrados.<\/p>\n<p style=\"text-align: center;\"><a href=\"https:\/\/www.futboltotal.com.mx\/2017\/02\/que-significa-ser-aficionado-de-chivas\/\">VER M\u00c1S: \u00bfQU\u00c9 ES SER DE LAS CHIVAS?<\/a><\/p>\n<p>Fue por ello que el silbante\u00a0Antonio R. M\u00e1rquez decidi\u00f3 expulsar a\u00a0los 22 jugadores decretando la suspensi\u00f3n del partido,\u00a0jug\u00e1ndose el resto del partido hasta mes y medio despu\u00e9s. Entre las consecuencias, Hermosillo sufri\u00f3 uno de los castigos m\u00e1s largos que se ha decretado a un jugador en el futbol mexicano.<\/p>\n<p style=\"text-align: center;\"><a href=\"https:\/\/www.futboltotal.com.mx\/2017\/02\/que-significa-ser-aficionado-americanista\/\">VER M\u00c1S: \u00bfQU\u00c9 ES SER DEL AM\u00c9RICA?<\/a><\/p>\n<p>[video_player]https:\/\/player.vimeo.com\/external\/204408724.hd.mp4?s=0eebc036575c953e441c21f564d75f2af8df5e94&amp;profile_id=174|wide[\/video_player]<\/p>\n<p style=\"text-align: center;\"><a href=\"https:\/\/www.futboltotal.com.mx\/2017\/02\/cuando-clasico-explota-tena-la-bronca-1983\/\">VER M\u00c1S:\u00a0CUANDO EL CL\u00c1SICO EXPLOTA:\u00a0TENA Y LA BRONCA DE 1983<\/a><\/p>\n<p class=\"p1\"><span class=\"s1\"><b>S\u00edguenos en Twitter<\/b>:\u00a0<a href=\"https:\/\/twitter.com\/MXFutbolTotal\"><span class=\"s2\">@MXFutbolTotal<\/span><\/a><\/span><\/p>\n","protected":false},"excerpt":{"rendered":"<p>Hermosillo protagoniz\u00f3 la batalla campal del 17 de agosto de 1986 en el estadio Azteca.<\/p>\n","protected":false},"author":20,"featured_media":461827,"comment_status":"closed","ping_status":"closed","sticky":false,"template":"","format":"standard","meta":[],"categories":[2198,3845,4,6433],"tags":[5959,8248,8246,1660,70,1158,8245,64,8247],"_links":{"self":[{"href":"http:\/\/desarrollo.grupomedios.com\/futbol\/wp-json\/wp\/v2\/posts\/461823"}],"collection":[{"href":"http:\/\/desarrollo.grupomedios.com\/futbol\/wp-json\/wp\/v2\/posts"}],"about":[{"href":"http:\/\/desarrollo.grupomedios.com\/futbol\/wp-json\/wp\/v2\/types\/post"}],"author":[{"embeddable":true,"href":"http:\/\/desarrollo.grupomedios.com\/futbol\/wp-json\/wp\/v2\/users\/20"}],"replies":[{"embeddable":true,"href":"http:\/\/desarrollo.grupomedios.com\/futbol\/wp-json\/wp\/v2\/comments?post=461823"}],"version-history":[{"count":0,"href":"http:\/\/desarrollo.grupomedios.com\/futbol\/wp-json\/wp\/v2\/posts\/461823\/revisions"}],"wp:featuredmedia":[{"embeddable":true,"href":"http:\/\/desarrollo.grupomedios.com\/futbol\/wp-json\/wp\/v2\/media\/461827"}],"wp:attachment":[{"href":"http:\/\/desarrollo.grupomedios.com\/futbol\/wp-json\/wp\/v2\/media?parent=461823"}],"wp:term":[{"taxonomy":"category","embeddable":true,"href":"http:\/\/desarrollo.grupomedios.com\/futbol\/wp-json\/wp\/v2\/categories?post=461823"},{"taxonomy":"post_tag","embeddable":true,"href":"http:\/\/desarrollo.grupomedios.com\/futbol\/wp-json\/wp\/v2\/tags?post=461823"}],"curies":[{"name":"wp","href":"https:\/\/api.w.org\/{rel}","templated":true}]}}