{"id":461836,"date":"2017-02-17T13:58:45","date_gmt":"2017-02-17T19:58:45","guid":{"rendered":"https:\/\/www.futboltotal.com.mx\/?p=461836"},"modified":"2017-02-17T13:58:45","modified_gmt":"2017-02-17T19:58:45","slug":"jair-pereira-acepto-porto-ha-hecho-contactos-ficharlo","status":"publish","type":"post","link":"http:\/\/desarrollo.grupomedios.com\/futbol\/futbol-mexicano\/jair-pereira-acepto-porto-ha-hecho-contactos-ficharlo\/2017\/02","title":{"rendered":"Jair Pereira acept\u00f3 que Porto ha hecho contactos para ficharlo"},"content":{"rendered":"<p>Los rumores que apuntaban a un inter\u00e9s del <strong>Porto<\/strong> por fichar al central mexicano <strong>Jair Pereira<\/strong> han sido confirmados y fue el propio jugador de las <strong>Chivas<\/strong> quien se encarg\u00f3 de dar veracidad a las versiones.<\/p>\n<p>&#8220;S\u00e9 que s\u00ed hay gente que est\u00e1 volteando para ac\u00e1, y apenas empiezan algunos contactos. Te soy sincero, no hay nada definido todav\u00eda, pero s\u00ed hay gente que est\u00e1 observando. Entonces uno siempre agradece esa parte y te llena un poco de orgullo saber que est\u00e1s haciendo un buen trabajo y m\u00ednimo se est\u00e1 volteando para ac\u00e1, est\u00e1n tratando de ver si hay alguna posibilidad de poder ir a jugar a Portugal&#8221;, declar\u00f3 para Fox Sports el zaguero del <em>Reba\u00f1o<\/em>.<\/p>\n<p style=\"text-align: center;\"><a href=\"https:\/\/www.futboltotal.com.mx\/2017\/02\/almeyda-ve-a-jair-pereira-en-europa\/\">VER M\u00c1S: ALMEIDA S\u00cd VE A JAIR PEREIRA EN EUROPA<\/a><\/p>\n<p>Sobre la opci\u00f3n de que se re\u00fana con sus compatriotas <strong>H\u00e9ctor Herrera, Miguel Lay\u00fan, Jos\u00e9 de Jes\u00fas Corona y Ra\u00fal Gudi\u00f1o<\/strong> en el cuadro de los <em>Dragones,<\/em> Pereira no se desespera y conf\u00eda en que el tiempo dir\u00e1 qu\u00e9 es lo mejor para su carrera.<\/p>\n<p style=\"text-align: center;\"><a href=\"https:\/\/www.futboltotal.com.mx\/2017\/02\/jair-pereira-en-la-orbita-del-porto\/\">VER M\u00c1S: \u00bfJAIR PEREIRA EN LA \u00d3RBITA DEL PORTO?<\/a><\/p>\n<p>&#8220;Siempre he sido un tipo m\u00e1s ecu\u00e1nime que s\u00e9 que tengo que hacer las cosas bien en mi club, y tratar de demostrar primeramente con el equipo que estoy, con el equipo que realmente me ha tendido la mano&#8230; Si llega la oportunidad y Dios quiere cr\u00e9eme que estoy preparado&#8221;, agreg\u00f3.<\/p>\n<p class=\"p1\"><span class=\"s1\"><b>S\u00edguenos en Twitter<\/b>:\u00a0<a href=\"https:\/\/twitter.com\/MXFutbolTotal\"><span class=\"s2\">@MXFutbolTotal<\/span><\/a><\/span><\/p>\n","protected":false},"excerpt":{"rendered":"<p>Fue el propio jugador de las Chivas quien se encarg\u00f3 de dar veracidad a las versiones.<\/p>\n","protected":false},"author":20,"featured_media":438177,"comment_status":"closed","ping_status":"closed","sticky":false,"template":"","format":"standard","meta":[],"categories":[7740,3839,2198,7709,3845,6718],"tags":[70,5963,955,64,8249,6077,1208],"_links":{"self":[{"href":"http:\/\/desarrollo.grupomedios.com\/futbol\/wp-json\/wp\/v2\/posts\/461836"}],"collection":[{"href":"http:\/\/desarrollo.grupomedios.com\/futbol\/wp-json\/wp\/v2\/posts"}],"about":[{"href":"http:\/\/desarrollo.grupomedios.com\/futbol\/wp-json\/wp\/v2\/types\/post"}],"author":[{"embeddable":true,"href":"http:\/\/desarrollo.grupomedios.com\/futbol\/wp-json\/wp\/v2\/users\/20"}],"replies":[{"embeddable":true,"href":"http:\/\/desarrollo.grupomedios.com\/futbol\/wp-json\/wp\/v2\/comments?post=461836"}],"version-history":[{"count":0,"href":"http:\/\/desarrollo.grupomedios.com\/futbol\/wp-json\/wp\/v2\/posts\/461836\/revisions"}],"wp:featuredmedia":[{"embeddable":true,"href":"http:\/\/desarrollo.grupomedios.com\/futbol\/wp-json\/wp\/v2\/media\/438177"}],"wp:attachment":[{"href":"http:\/\/desarrollo.grupomedios.com\/futbol\/wp-json\/wp\/v2\/media?parent=461836"}],"wp:term":[{"taxonomy":"category","embeddable":true,"href":"http:\/\/desarrollo.grupomedios.com\/futbol\/wp-json\/wp\/v2\/categories?post=461836"},{"taxonomy":"post_tag","embeddable":true,"href":"http:\/\/desarrollo.grupomedios.com\/futbol\/wp-json\/wp\/v2\/tags?post=461836"}],"curies":[{"name":"wp","href":"https:\/\/api.w.org\/{rel}","templated":true}]}}