{"id":461842,"date":"2017-02-17T13:30:36","date_gmt":"2017-02-17T19:30:36","guid":{"rendered":"https:\/\/www.futboltotal.com.mx\/?p=461842"},"modified":"2017-02-17T13:30:36","modified_gmt":"2017-02-17T19:30:36","slug":"ronaldo-revelo-la-verdadera-razon-la-dejo-al-barcelona","status":"publish","type":"post","link":"http:\/\/desarrollo.grupomedios.com\/futbol\/futbol-internacional\/ronaldo-revelo-la-verdadera-razon-la-dejo-al-barcelona\/2017\/02","title":{"rendered":"Ronaldo revel\u00f3 la verdadera raz\u00f3n por la que dej\u00f3 al Barcelona"},"content":{"rendered":"<p>En la d\u00e9cada de los 90, el brasile\u00f1o <strong>Ronaldo<\/strong> se encumbr\u00f3 como el mejor jugador del mundo, tanto por sus definiciones contundentes como por la potencia de su juego y sus espectaculares recursos.<\/p>\n<p>En buena medida, <em>R9<\/em> se convirti\u00f3 en un fen\u00f3meno a nivel mundial gracias a sus actuaciones enfundado en la camiseta del Barcelona, en la temporada 1996-97.<\/p>\n<p style=\"text-align: center;\"><a href=\"https:\/\/www.futboltotal.com.mx\/2016\/10\/20-anos-del-increible-gol-del-ronaldo-fenomeno\/\" target=\"_blank\"><span style=\"color: #3366ff;\"><strong>LEER M\u00c1S: 20 a\u00f1os del incre\u00edble gol de Ronaldo, El Fen\u00f3meno<\/strong><\/span><\/a><\/p>\n<p>Con los <em>Blaugranas<\/em>, el atacante brasile\u00f1o logr\u00f3 ganar la Copa del Rey y el t\u00edtulo de goleo individual. Pese al \u00e9xito rotundo que su presencia en el Camp Nou signific\u00f3, el <em>Fen\u00f3meno<\/em> s\u00f3lo estuvo en el club aquella temporada y luego se march\u00f3 al Inter de Mil\u00e1n.<\/p>\n<p>Ese traspaso siempre fue un misterio. Ahora, dos d\u00e9cadas despu\u00e9s, <strong>Ronaldo<\/strong> ha revelado el motivo que lo llevaron a abandonar al cuadro <em>Cul\u00e9<\/em>, en una entrevista con ESPN de Brasil.<\/p>\n<p style=\"text-align: center;\"><a href=\"https:\/\/www.futboltotal.com.mx\/2017\/01\/michael-owen-trollea-a-ronaldo-sobrepeso\/\" target=\"_blank\"><span style=\"color: #3366ff;\"><strong>LEER M\u00c1S: Michael Owen trollea a Ronaldo por su figura<\/strong><\/span><\/a><\/p>\n<p>\u201cLa experiencia fue maravillosa, sin embargo no fue posible [seguir en el equipo] y no fue por mi culpa\u201d, dijo el amaz\u00f3nico y revel\u00f3: \u201cYo hab\u00eda llegado a un acuerdo para renovar mi contrato justo un mes antes de que terminase aquella temporada\u201d.<\/p>\n<p>Pero luego el trato se cay\u00f3: \u201cUna semana m\u00e1s tarde, el abogado y el presidente del Barcelona acordaron que aquel contrato era absurdo. Aceptar\u00edan el dinero de cualquier club que pagase la cl\u00e1usula de 29 millones de d\u00f3lares\u201d.<\/p>\n<p style=\"text-align: center;\"><a href=\"https:\/\/www.futboltotal.com.mx\/2016\/11\/ronaldo-joven-en-salon-la-fama\/\" target=\"_blank\"><span style=\"color: #3366ff;\"><strong>LEER M\u00c1S: Ronaldo, el m\u00e1s joven en el Sal\u00f3n de la Fama<\/strong><\/span><\/a><\/p>\n<p>Como colof\u00f3n en ese sentido, <strong>Ronaldo<\/strong> a\u00f1adi\u00f3 que en el cuadro catal\u00e1n siempre han ocurrido cosas extra\u00f1as en esos temas y us\u00f3 un ejemplo actual: \u201cEn Barcelona, incluso a d\u00eda de hoy, demuestran esas habilidades medio obscuras en las negociaciones. Lo hacen de una manera diferente. Por ejemplo, con el caso Neymar, creo que todav\u00eda se sigue sin saber qu\u00e9 ocurri\u00f3\u201d.<\/p>\n<p><a href=\"https:\/\/twitter.com\/MXFutbolTotal\" target=\"_blank\"><span style=\"color: #3366ff;\"><strong>S\u00edguenos en Twitter: @MXFutbolTotal<\/strong><\/span><\/a><\/p>\n","protected":false},"excerpt":{"rendered":"<p>El Fen\u00f3meno brasile\u00f1o gan\u00f3 el t\u00edtulo de goleo individual de La Liga de Espa\u00f1a en la campa\u00f1a 1996-97.<\/p>\n","protected":false},"author":20,"featured_media":435203,"comment_status":"closed","ping_status":"closed","sticky":false,"template":"","format":"standard","meta":[],"categories":[3839,3844,5951],"tags":[2086,5984,253,2138,76,1504],"_links":{"self":[{"href":"http:\/\/desarrollo.grupomedios.com\/futbol\/wp-json\/wp\/v2\/posts\/461842"}],"collection":[{"href":"http:\/\/desarrollo.grupomedios.com\/futbol\/wp-json\/wp\/v2\/posts"}],"about":[{"href":"http:\/\/desarrollo.grupomedios.com\/futbol\/wp-json\/wp\/v2\/types\/post"}],"author":[{"embeddable":true,"href":"http:\/\/desarrollo.grupomedios.com\/futbol\/wp-json\/wp\/v2\/users\/20"}],"replies":[{"embeddable":true,"href":"http:\/\/desarrollo.grupomedios.com\/futbol\/wp-json\/wp\/v2\/comments?post=461842"}],"version-history":[{"count":0,"href":"http:\/\/desarrollo.grupomedios.com\/futbol\/wp-json\/wp\/v2\/posts\/461842\/revisions"}],"wp:featuredmedia":[{"embeddable":true,"href":"http:\/\/desarrollo.grupomedios.com\/futbol\/wp-json\/wp\/v2\/media\/435203"}],"wp:attachment":[{"href":"http:\/\/desarrollo.grupomedios.com\/futbol\/wp-json\/wp\/v2\/media?parent=461842"}],"wp:term":[{"taxonomy":"category","embeddable":true,"href":"http:\/\/desarrollo.grupomedios.com\/futbol\/wp-json\/wp\/v2\/categories?post=461842"},{"taxonomy":"post_tag","embeddable":true,"href":"http:\/\/desarrollo.grupomedios.com\/futbol\/wp-json\/wp\/v2\/tags?post=461842"}],"curies":[{"name":"wp","href":"https:\/\/api.w.org\/{rel}","templated":true}]}}