{"id":461850,"date":"2017-02-17T14:27:36","date_gmt":"2017-02-17T20:27:36","guid":{"rendered":"https:\/\/www.futboltotal.com.mx\/?p=461850"},"modified":"2017-02-17T14:27:36","modified_gmt":"2017-02-17T20:27:36","slug":"trump-impide-la-entrada-una-leyenda-del-manchester-united-a-usa","status":"publish","type":"post","link":"http:\/\/desarrollo.grupomedios.com\/futbol\/futbol-internacional\/trump-impide-la-entrada-una-leyenda-del-manchester-united-a-usa\/2017\/02","title":{"rendered":"Trump impide la entrada de una leyenda del Manchester United a USA"},"content":{"rendered":"<p>Una figura hist\u00f3rica del <strong>Manchester United<\/strong> acaba de sentir en carne propia los problemas que est\u00e1n viviendo en Estados Unidos los extranjeros bajo la administraci\u00f3n de Donald Trump.<\/p>\n<p>Para nadie es un secreto la dura situaci\u00f3n que est\u00e1n viviendo los inmigrantes en la naci\u00f3n de las Barras y las Estrellas y lo dif\u00edcil que est\u00e1 haci\u00e9ndose el acceso al pa\u00eds a partir de la llegada de Trump al poder.<\/p>\n<p style=\"text-align: center;\"><a href=\"https:\/\/www.futboltotal.com.mx\/2017\/02\/rafa-marquez-se-lanzo-contra-trump-racismo\/\" target=\"_blank\"><span style=\"color: #3366ff;\"><strong>LEER M\u00c1S: Rafa M\u00e1rquez se lanz\u00f3 contra Trump y el racismo<\/strong><\/span><\/a><\/p>\n<p>Las medidas que el nuevo presidente norteamericano est\u00e1 ordenando est\u00e1n volviendo cada vez m\u00e1s dura la vida para los migrantes, especialmente para ciertos grupos, como las comunidades latina y musulmana.<\/p>\n<p>Ahora, la situaci\u00f3n que impera en Estados Unidos alcanz\u00f3 al futbol, pues a una leyenda del <strong>Manchester United<\/strong> le fue impedida la entrada al pa\u00eds.<\/p>\n<p style=\"text-align: center;\"><a href=\"https:\/\/www.futboltotal.com.mx\/2017\/02\/clubes-la-premier-recuerdan-tragedia-en-munich\/\" target=\"_blank\"><span style=\"color: #3366ff;\"><strong>LEER M\u00c1S: A 59 a\u00f1os de la tragedia del Manchester United<\/strong><\/span><\/a><\/p>\n<p>La figura en cuesti\u00f3n es Dwight Yorke, ex jugador originario de Trinidad y Tobago que brill\u00f3 en la d\u00e9cada de los 90 con los <em>Red Devils<\/em>, con quienes fue campe\u00f3n de la <em>Premier League<\/em> y la <em>Champions<\/em>.<\/p>\n<p>De acuerdo con el reporte del periodista Kaveh Solhekol, de Sky Sports, el ex atacante del cuadro de Old Trafford confirm\u00f3 que le negaron el ingreso a Estados Unidos por tener en su pasaporte un sello que probaba su entrada a Ir\u00e1n, pa\u00eds que visit\u00f3 para jugar un partido a beneficio en 2015, en Teher\u00e1n.<\/p>\n<blockquote class=\"twitter-tweet\" data-lang=\"es\">\n<p dir=\"ltr\" lang=\"en\">Dwight Yorke confirms he&#8217;s been denied entry to the US because of Iranian stamp in his passport. (Played in Tehran charity match in 2015.)<\/p>\n<p>\u2014 Kaveh Solhekol (@SkyKaveh) <a href=\"https:\/\/twitter.com\/SkyKaveh\/status\/832606086238785536\">17 de febrero de 2017<\/a><\/p><\/blockquote>\n<p><script async src=\"\/\/platform.twitter.com\/widgets.js\" charset=\"utf-8\"><\/script><\/p>\n<p>El mismo reportero inform\u00f3 que a ese mismo partido acudieron jugadores como Roberto Carlos, Figo y Edgar Davids.<\/p>\n<blockquote class=\"twitter-tweet\" data-lang=\"es\">\n<p dir=\"ltr\" lang=\"en\">Roberto Carlos, Figo, Marcel Desailly &amp; Edgar Davids among others who played in Tehran.<\/p>\n<p>\u2014 Kaveh Solhekol (@SkyKaveh) <a href=\"https:\/\/twitter.com\/SkyKaveh\/status\/832616477622669313\">17 de febrero de 2017<\/a><\/p><\/blockquote>\n<p><script async src=\"\/\/platform.twitter.com\/widgets.js\" charset=\"utf-8\"><\/script><\/p>\n<p><a href=\"https:\/\/twitter.com\/MXFutbolTotal\" target=\"_blank\"><span style=\"color: #3366ff;\"><strong>S\u00edguenos en Twitter: @MXFutbolTotal<\/strong><\/span><\/a><\/p>\n","protected":false},"excerpt":{"rendered":"<p>Las medidas del nuevo presidente de Estados Unidos han comenzado a afectar al futbol.<\/p>\n","protected":false},"author":20,"featured_media":450727,"comment_status":"closed","ping_status":"closed","sticky":false,"template":"","format":"standard","meta":[],"categories":[3839,3846,5951],"tags":[603,6075,43,3120,334,982],"_links":{"self":[{"href":"http:\/\/desarrollo.grupomedios.com\/futbol\/wp-json\/wp\/v2\/posts\/461850"}],"collection":[{"href":"http:\/\/desarrollo.grupomedios.com\/futbol\/wp-json\/wp\/v2\/posts"}],"about":[{"href":"http:\/\/desarrollo.grupomedios.com\/futbol\/wp-json\/wp\/v2\/types\/post"}],"author":[{"embeddable":true,"href":"http:\/\/desarrollo.grupomedios.com\/futbol\/wp-json\/wp\/v2\/users\/20"}],"replies":[{"embeddable":true,"href":"http:\/\/desarrollo.grupomedios.com\/futbol\/wp-json\/wp\/v2\/comments?post=461850"}],"version-history":[{"count":0,"href":"http:\/\/desarrollo.grupomedios.com\/futbol\/wp-json\/wp\/v2\/posts\/461850\/revisions"}],"wp:featuredmedia":[{"embeddable":true,"href":"http:\/\/desarrollo.grupomedios.com\/futbol\/wp-json\/wp\/v2\/media\/450727"}],"wp:attachment":[{"href":"http:\/\/desarrollo.grupomedios.com\/futbol\/wp-json\/wp\/v2\/media?parent=461850"}],"wp:term":[{"taxonomy":"category","embeddable":true,"href":"http:\/\/desarrollo.grupomedios.com\/futbol\/wp-json\/wp\/v2\/categories?post=461850"},{"taxonomy":"post_tag","embeddable":true,"href":"http:\/\/desarrollo.grupomedios.com\/futbol\/wp-json\/wp\/v2\/tags?post=461850"}],"curies":[{"name":"wp","href":"https:\/\/api.w.org\/{rel}","templated":true}]}}