{"id":461887,"date":"2017-02-17T16:40:18","date_gmt":"2017-02-17T22:40:18","guid":{"rendered":"https:\/\/www.futboltotal.com.mx\/?p=461887"},"modified":"2017-02-17T17:03:26","modified_gmt":"2017-02-17T23:03:26","slug":"porto-golea-lider-en-portugal","status":"publish","type":"post","link":"http:\/\/desarrollo.grupomedios.com\/futbol\/destacado-home\/porto-golea-lider-en-portugal\/2017\/02","title":{"rendered":"\u00a1Porto golea y es l\u00edder en Portugal!"},"content":{"rendered":"<p>El <strong>Porto<\/strong> de \u00cdker Casillas se alz\u00f3 hoy con el liderato provisional de la Liga portuguesa tras vencer por 4-0 al Tondela, \u00faltimo en la clasificaci\u00f3n, que adem\u00e1s jug\u00f3 la segunda parte con diez hombres tras la expulsi\u00f3n del venezolano Yordan Osorio por doble amarilla.<\/p>\n<blockquote class=\"twitter-tweet\" data-lang=\"es\">\n<p dir=\"ltr\" lang=\"und\"><a href=\"https:\/\/twitter.com\/hashtag\/FCPorto?src=hash\">#FCPorto<\/a> <a href=\"https:\/\/twitter.com\/hashtag\/FCPCDT?src=hash\">#FCPCDT<\/a> <a href=\"https:\/\/t.co\/Fj7ukYYCxM\">pic.twitter.com\/Fj7ukYYCxM<\/a><\/p>\n<p>\u2014 FC Porto (@FCPorto) <a href=\"https:\/\/twitter.com\/FCPorto\/status\/832716930112905221\">17 de febrero de 2017<\/a><\/p><\/blockquote>\n<p><script async src=\"\/\/platform.twitter.com\/widgets.js\" charset=\"utf-8\"><\/script><\/p>\n<p>Los <em>Dragones<\/em>, con 53 puntos, ocupan la primera posici\u00f3n a la espera de lo que haga el Benfica, actualmente con 51 unidades, cuando se enfrente al complicado Sporting de Braga este domingo. El cuadro de <strong>Tecatito<\/strong> se adelant\u00f3 gracias a un partido pol\u00e9mico en el que abri\u00f3 el marcado Andr\u00e9 Silva, de penalti, en el minuto 44.<\/p>\n<blockquote class=\"twitter-video\" data-lang=\"es\">\n<p dir=\"ltr\" lang=\"und\"><a href=\"https:\/\/twitter.com\/hashtag\/FCPorto?src=hash\">#FCPorto<\/a> <a href=\"https:\/\/twitter.com\/hashtag\/FCPCDT?src=hash\">#FCPCDT<\/a> <a href=\"https:\/\/t.co\/NPhc703mrD\">pic.twitter.com\/NPhc703mrD<\/a><\/p>\n<p>\u2014 FC Porto (@FCPorto) <a href=\"https:\/\/twitter.com\/FCPorto\/status\/832703028813721601\">17 de febrero de 2017<\/a><\/p><\/blockquote>\n<p><script async src=\"\/\/platform.twitter.com\/widgets.js\" charset=\"utf-8\"><\/script><\/p>\n<p style=\"text-align: center;\"><span style=\"color: #3366ff;\"><a style=\"color: #3366ff;\" href=\"https:\/\/www.futboltotal.com.mx\/2017\/02\/granada-aplasta-al-betis-y-se-acerca-a-la-salvacion\/\" target=\"_blank\"><strong>LEER M\u00c1S: El Granada de Guillermo Ochoa tambi\u00e9n golea<\/strong><\/a><\/span><\/p>\n<p>El tanto inici\u00f3 unos minutos de tensi\u00f3n que se cebaron con Osorio, a quien el \u00e1rbitro sac\u00f3 una amarilla en el minuto 45 por una falta por obstrucci\u00f3n sobre Tiquinho Soares muy confusa en las im\u00e1genes.<\/p>\n<p>El Tondela protest\u00f3, pero nada comparado con sus quejas un minuto m\u00e1s tarde, cuando el venezolano vio la segunda amarilla y, por tanto, la expulsi\u00f3n.<\/p>\n<p>Conclu\u00eda as\u00ed una primera parte intensa, que en la segunda mitad dej\u00f3 ver demasiado huecos en la defensa del colista, claramente molesta con Soares.<\/p>\n<p>R\u00faben Neves marc\u00f3 desde media distancia el segundo para el <strong>Porto<\/strong> en el 54, y ante la imposibilidad de reaccionar por parte del Tondela, el tercero de los &#8220;dragones&#8221; se materializ\u00f3 en el 63 por obra de Soares a un pase de Ot\u00e1vio.<\/p>\n<blockquote class=\"twitter-video\" data-lang=\"es\">\n<p dir=\"ltr\" lang=\"pt\">Ruben Neves fez assim o 3\ufe0f\u20e3x0\ufe0f\u20e3 para o <a href=\"https:\/\/twitter.com\/FCPorto\">@FCPorto<\/a> frente ao <a href=\"https:\/\/twitter.com\/CDTondela1933\">@CDTondela1933<\/a> . Que tiro! &#x1f4a5; <a href=\"https:\/\/twitter.com\/hashtag\/FCPorto?src=hash\">#FCPorto<\/a> <a href=\"https:\/\/twitter.com\/hashtag\/FCPCDT?src=hash\">#FCPCDT<\/a> &#x1f449; <a href=\"https:\/\/t.co\/nj8hMivuJ6\">https:\/\/t.co\/nj8hMivuJ6<\/a> <a href=\"https:\/\/t.co\/HhAPGNDIvM\">pic.twitter.com\/HhAPGNDIvM<\/a><\/p>\n<p>\u2014 Finta (@getFinta) <a href=\"https:\/\/twitter.com\/getFinta\/status\/832713014965002240\">17 de febrero de 2017<\/a><\/p><\/blockquote>\n<p><script async src=\"\/\/platform.twitter.com\/widgets.js\" charset=\"utf-8\"><\/script><\/p>\n<p>Ya pr\u00e1cticamente en el final, en el minuto 90, Diogo Jota consigui\u00f3 el cuarto para el <strong>Porto<\/strong>, que se prepara ahora para recibir el pr\u00f3ximo mi\u00e9rcoles en casa a la Juventus de Tur\u00edn en los octavos de final de la Liga de Campeones.<\/p>\n<blockquote class=\"twitter-video\" data-lang=\"es\">\n<p dir=\"ltr\" lang=\"pt\">O 4.\u00ba foi assim <a href=\"https:\/\/twitter.com\/hashtag\/FCPorto?src=hash\">#FCPorto<\/a> <a href=\"https:\/\/twitter.com\/hashtag\/FCPCDT?src=hash\">#FCPCDT<\/a> <a href=\"https:\/\/t.co\/KKW3jWh3A9\">pic.twitter.com\/KKW3jWh3A9<\/a><\/p>\n<p>\u2014 FC Porto (@FCPorto) <a href=\"https:\/\/twitter.com\/FCPorto\/status\/832717189983592448\">17 de febrero de 2017<\/a><\/p><\/blockquote>\n<p><script async src=\"\/\/platform.twitter.com\/widgets.js\" charset=\"utf-8\"><\/script><\/p>\n<p><strong>Jes\u00fas Manuel el Tecatito Corona<\/strong> inici\u00f3 como titular y jug\u00f3 los 90 minutos, mientras que Miguel Lay\u00fan ingres\u00f3 al minuto 69&#8242;. H\u00e9ctor Herrera no vio actividad en este encuentro.<\/p>\n<p><strong>S\u00edguenos en Twitter:<\/strong> <a href=\"https:\/\/twitter.com\/MXFutbolTotal\" target=\"_blank\">@MXFutbolTotal<\/a><\/p>\n","protected":false},"excerpt":{"rendered":"<p>Dos futbolistas mexicanos tuvieron acci\u00f3n para colocar provisionalmente en la cima a los Dragones.<\/p>\n","protected":false},"author":144,"featured_media":461892,"comment_status":"closed","ping_status":"closed","sticky":false,"template":"","format":"standard","meta":[],"categories":[5,3839,7709],"tags":[7179,1208],"_links":{"self":[{"href":"http:\/\/desarrollo.grupomedios.com\/futbol\/wp-json\/wp\/v2\/posts\/461887"}],"collection":[{"href":"http:\/\/desarrollo.grupomedios.com\/futbol\/wp-json\/wp\/v2\/posts"}],"about":[{"href":"http:\/\/desarrollo.grupomedios.com\/futbol\/wp-json\/wp\/v2\/types\/post"}],"author":[{"embeddable":true,"href":"http:\/\/desarrollo.grupomedios.com\/futbol\/wp-json\/wp\/v2\/users\/144"}],"replies":[{"embeddable":true,"href":"http:\/\/desarrollo.grupomedios.com\/futbol\/wp-json\/wp\/v2\/comments?post=461887"}],"version-history":[{"count":0,"href":"http:\/\/desarrollo.grupomedios.com\/futbol\/wp-json\/wp\/v2\/posts\/461887\/revisions"}],"wp:featuredmedia":[{"embeddable":true,"href":"http:\/\/desarrollo.grupomedios.com\/futbol\/wp-json\/wp\/v2\/media\/461892"}],"wp:attachment":[{"href":"http:\/\/desarrollo.grupomedios.com\/futbol\/wp-json\/wp\/v2\/media?parent=461887"}],"wp:term":[{"taxonomy":"category","embeddable":true,"href":"http:\/\/desarrollo.grupomedios.com\/futbol\/wp-json\/wp\/v2\/categories?post=461887"},{"taxonomy":"post_tag","embeddable":true,"href":"http:\/\/desarrollo.grupomedios.com\/futbol\/wp-json\/wp\/v2\/tags?post=461887"}],"curies":[{"name":"wp","href":"https:\/\/api.w.org\/{rel}","templated":true}]}}