{"id":461901,"date":"2017-02-17T18:18:14","date_gmt":"2017-02-18T00:18:14","guid":{"rendered":"https:\/\/www.futboltotal.com.mx\/?p=461901"},"modified":"2017-02-17T18:55:01","modified_gmt":"2017-02-18T00:55:01","slug":"atletico-madrid-cerca-tener-equipo-en-san-luis","status":"publish","type":"post","link":"http:\/\/desarrollo.grupomedios.com\/futbol\/destacado-home\/atletico-madrid-cerca-tener-equipo-en-san-luis\/2017\/02","title":{"rendered":"Atl\u00e9tico de Madrid, cerca de tener equipo en San Luis"},"content":{"rendered":"<p>El director del <strong>Atl\u00e9tico de Madrid<\/strong> del f\u00fatbol espa\u00f1ol, Miguel \u00c1ngel Gil Mar\u00edn, lleg\u00f3 hoy a la ciudad de San Luis, en M\u00e9xico, para formalizar el establecimiento de un equipo en M\u00e9xico.<\/p>\n<p>Gil lleg\u00f3 a M\u00e9xico el pasado mi\u00e9rcoles y ya logr\u00f3 que la Federaci\u00f3n Mexicana de F\u00fatbol desbloqueara al San Luis, que estaba congelado por deudas con futbolistas y proveedores y autorizara que el<strong> Atl\u00e9tico de Madrid<\/strong> asuma las deudas y establezca una sucursal en la divisi\u00f3n de Ascenso de M\u00e9xico.<\/p>\n<p>El directivo espa\u00f1ol se reuni\u00f3 hoy con personalidades del conjunto para discutir el proyecto y con los Gobiernos del Estado y el municipio con el prop\u00f3sito de llegar a un acuerdo.<\/p>\n<p>Con el Alcalde de San Luis, Ricardo Gallardo, la comitiva del Atl\u00e9tico explic\u00f3 la idea de adquirir la franquicia para apostar por ella y tratar de ponerlo de vuelta a la Primera divisi\u00f3n, donde estuvo por \u00faltima vez entre 2005 y 2013.<\/p>\n<p style=\"text-align: center;\"><span style=\"color: #3366ff;\"><a style=\"color: #3366ff;\" href=\"https:\/\/www.futboltotal.com.mx\/2017\/02\/psv-enfrentaria-al-queretaro-en-amistoso\/\" target=\"_blank\"><strong>LEER M\u00c1S: PSV tendr\u00eda amistoso contra Quer\u00e9taro<\/strong><\/a><\/span><\/p>\n<p>Al regresar a Espa\u00f1a, Gil deber\u00e1 defender su proyecto ante los accionistas de su club a inicios de marzo, cuando debe oficializarse si los colchoneros se hacen cargo del San Luis que alcanz\u00f3 las semifinales del torneo Clausura 2006 del f\u00fatbol mexicano, despu\u00e9s de lo cual vino a menos.<\/p>\n<p>Miguel \u00c1ngel Gil no hizo declaraciones a los medios porque las negociaciones a\u00fan no se cierran, pero trascendi\u00f3 que la idea de los espa\u00f1oles es, adem\u00e1s de hacerse cargo econ\u00f3micamente del San Luis, proveerlo de entrenadores y de t\u00e9cnicos.<\/p>\n<p><strong>S\u00edguenos en Twitter:<\/strong> <a href=\"https:\/\/twitter.com\/MXFutbolTotal\" target=\"_blank\">@MXFutbolTotal<\/a><\/p>\n","protected":false},"excerpt":{"rendered":"<p>Directivo colchonero llega a tierras potosinas para cerrar acuerdo.<\/p>\n","protected":false},"author":144,"featured_media":461902,"comment_status":"closed","ping_status":"closed","sticky":false,"template":"","format":"standard","meta":[],"categories":[3843,5,3839,2198,3844],"tags":[432,6007,6214,5971],"_links":{"self":[{"href":"http:\/\/desarrollo.grupomedios.com\/futbol\/wp-json\/wp\/v2\/posts\/461901"}],"collection":[{"href":"http:\/\/desarrollo.grupomedios.com\/futbol\/wp-json\/wp\/v2\/posts"}],"about":[{"href":"http:\/\/desarrollo.grupomedios.com\/futbol\/wp-json\/wp\/v2\/types\/post"}],"author":[{"embeddable":true,"href":"http:\/\/desarrollo.grupomedios.com\/futbol\/wp-json\/wp\/v2\/users\/144"}],"replies":[{"embeddable":true,"href":"http:\/\/desarrollo.grupomedios.com\/futbol\/wp-json\/wp\/v2\/comments?post=461901"}],"version-history":[{"count":0,"href":"http:\/\/desarrollo.grupomedios.com\/futbol\/wp-json\/wp\/v2\/posts\/461901\/revisions"}],"wp:featuredmedia":[{"embeddable":true,"href":"http:\/\/desarrollo.grupomedios.com\/futbol\/wp-json\/wp\/v2\/media\/461902"}],"wp:attachment":[{"href":"http:\/\/desarrollo.grupomedios.com\/futbol\/wp-json\/wp\/v2\/media?parent=461901"}],"wp:term":[{"taxonomy":"category","embeddable":true,"href":"http:\/\/desarrollo.grupomedios.com\/futbol\/wp-json\/wp\/v2\/categories?post=461901"},{"taxonomy":"post_tag","embeddable":true,"href":"http:\/\/desarrollo.grupomedios.com\/futbol\/wp-json\/wp\/v2\/tags?post=461901"}],"curies":[{"name":"wp","href":"https:\/\/api.w.org\/{rel}","templated":true}]}}