{"id":461931,"date":"2017-02-17T20:47:42","date_gmt":"2017-02-18T02:47:42","guid":{"rendered":"https:\/\/www.futboltotal.com.mx\/?p=461931"},"modified":"2017-02-17T20:48:38","modified_gmt":"2017-02-18T02:48:38","slug":"luis-garcia-postigo-trollea-a-alfredo-talavera","status":"publish","type":"post","link":"http:\/\/desarrollo.grupomedios.com\/futbol\/videos\/luis-garcia-postigo-trollea-a-alfredo-talavera\/2017\/02","title":{"rendered":"Luis Garc\u00eda Postigo &#8216;trollea&#8217; a Alfredo Talavera"},"content":{"rendered":"<p>En entrevista con <strong>Alfredo Talavera<\/strong> para <em>La Tertulia del Dr.<\/em>, <strong>Luis Garc\u00eda Postigo<\/strong> brome\u00f3 con el cancerbero, quien le explicaba qui\u00e9n fue el portero que lo inspir\u00f3 para su posici\u00f3n, se trataba de Mart\u00edn <em>el Pulpo<\/em> Z\u00fa\u00f1iga, entonces el ex futbolista lo interrumpi\u00f3 para burlarse del primer \u00eddolo del actual guardameta del Toluca.<\/p>\n<p style=\"text-align: center;\"><span style=\"color: #3366ff;\"><a style=\"color: #3366ff;\" href=\"https:\/\/www.futboltotal.com.mx\/2017\/02\/justin-bieber-perjudica-a-rayados-previo-a-jornada-7\/\" target=\"_blank\"><strong>LEER M\u00c1S: Justin Bieber perjudica a Rayados<\/strong><\/a><\/span><\/p>\n<blockquote class=\"twitter-video\" data-lang=\"es\">\n<p dir=\"ltr\" lang=\"es\">Aqu\u00ed les dejo mi charla con <a href=\"https:\/\/twitter.com\/1AlfredoTala\">@1AlfredoTala<\/a>, gran arquero del <a href=\"https:\/\/twitter.com\/TolucaFC\">@TolucaFC<\/a>. \u00a1No se la pueden perder carajo! <a href=\"https:\/\/t.co\/9aQXHGrswh\">pic.twitter.com\/9aQXHGrswh<\/a><\/p>\n<p>\u2014 Luis Garc\u00eda P (@GarciaPosti) <a href=\"https:\/\/twitter.com\/GarciaPosti\/status\/832774763143585793\">18 de febrero de 2017<\/a><\/p><\/blockquote>\n<p><script async src=\"\/\/platform.twitter.com\/widgets.js\" charset=\"utf-8\"><\/script><\/p>\n<p><strong>S\u00edguenos en Twitter:<\/strong> <a href=\"https:\/\/twitter.com\/MXFutbolTotal\" target=\"_blank\">@MXFutbolTotal<\/a><\/p>\n","protected":false},"excerpt":{"rendered":"<p>\u201c\u00bfQui\u00e9n te inspir\u00f3 para ser portero?&#8230; No mam\u2026, ese no ten\u00eda dedos\u201d.<\/p>\n","protected":false},"author":20,"featured_media":461932,"comment_status":"closed","ping_status":"closed","sticky":false,"template":"","format":"standard","meta":[],"categories":[5419,4,6433],"tags":[1617,5460,6965],"_links":{"self":[{"href":"http:\/\/desarrollo.grupomedios.com\/futbol\/wp-json\/wp\/v2\/posts\/461931"}],"collection":[{"href":"http:\/\/desarrollo.grupomedios.com\/futbol\/wp-json\/wp\/v2\/posts"}],"about":[{"href":"http:\/\/desarrollo.grupomedios.com\/futbol\/wp-json\/wp\/v2\/types\/post"}],"author":[{"embeddable":true,"href":"http:\/\/desarrollo.grupomedios.com\/futbol\/wp-json\/wp\/v2\/users\/20"}],"replies":[{"embeddable":true,"href":"http:\/\/desarrollo.grupomedios.com\/futbol\/wp-json\/wp\/v2\/comments?post=461931"}],"version-history":[{"count":0,"href":"http:\/\/desarrollo.grupomedios.com\/futbol\/wp-json\/wp\/v2\/posts\/461931\/revisions"}],"wp:featuredmedia":[{"embeddable":true,"href":"http:\/\/desarrollo.grupomedios.com\/futbol\/wp-json\/wp\/v2\/media\/461932"}],"wp:attachment":[{"href":"http:\/\/desarrollo.grupomedios.com\/futbol\/wp-json\/wp\/v2\/media?parent=461931"}],"wp:term":[{"taxonomy":"category","embeddable":true,"href":"http:\/\/desarrollo.grupomedios.com\/futbol\/wp-json\/wp\/v2\/categories?post=461931"},{"taxonomy":"post_tag","embeddable":true,"href":"http:\/\/desarrollo.grupomedios.com\/futbol\/wp-json\/wp\/v2\/tags?post=461931"}],"curies":[{"name":"wp","href":"https:\/\/api.w.org\/{rel}","templated":true}]}}