{"id":462030,"date":"2017-02-18T10:54:16","date_gmt":"2017-02-18T16:54:16","guid":{"rendered":"https:\/\/www.futboltotal.com.mx\/?p=462030"},"modified":"2017-02-18T10:54:16","modified_gmt":"2017-02-18T16:54:16","slug":"cristiano-se-luce-imitando-a-ronaldinho","status":"publish","type":"post","link":"http:\/\/desarrollo.grupomedios.com\/futbol\/videos\/cristiano-se-luce-imitando-a-ronaldinho\/2017\/02","title":{"rendered":"Cristiano se luce imitando a Ronaldinho"},"content":{"rendered":"<p>Durante el duelo entre el Real Madrid y el Espanyol, donde participa el mexicano Diego Reyes, Cristiano Ronaldo regal\u00f3 una jugada para recordar a los aficionados presentes en el Santiago Bernab\u00e9u.<\/p>\n<p>El portugu\u00e9s lleg\u00f3 a l\u00ednea de meta y decidi\u00f3 encarar al central de los Periquitos con la famosa &#8220;el\u00e1stica&#8221; con tunel incluido, recordando as\u00ed al astro brasile\u00f1o Ronaldinho.<\/p>\n<p style=\"text-align: center;\"><span style=\"color: #00ccff;\"><a style=\"color: #00ccff;\" href=\"https:\/\/www.futboltotal.com.mx\/2017\/02\/mejor-se-vayan-al-descenso-gignac-a-veracruz\/\">LEER M\u00c1S: Que mejor se vayan al descenso : Gignac a Veracruz<\/a><\/span><\/p>\n<blockquote class=\"twitter-video\" data-lang=\"es\">\n<p dir=\"ltr\" lang=\"es\">Hermoso ca\u00f1o\/tunel\/tubo de Cristiano Ronaldo.<a href=\"https:\/\/twitter.com\/hashtag\/CR7?src=hash\">#CR7<\/a><a href=\"https:\/\/twitter.com\/hashtag\/RealMadridEspanyol?src=hash\">#RealMadridEspanyol<\/a> <a href=\"https:\/\/t.co\/9rZleLo4xN\">pic.twitter.com\/9rZleLo4xN<\/a><\/p>\n<p>\u2014 Dami\u00e1n M. Verdasco (@RanaMatiusTV) <a href=\"https:\/\/twitter.com\/RanaMatiusTV\/status\/832979889246597120\">18 de febrero de 2017<\/a><\/p><\/blockquote>\n<p><script async src=\"\/\/platform.twitter.com\/widgets.js\" charset=\"utf-8\"><\/script><\/p>\n","protected":false},"excerpt":{"rendered":"<p>El portugu\u00e9s record\u00f3 al astro brasile\u00f1o.<\/p>\n","protected":false},"author":20,"featured_media":447108,"comment_status":"closed","ping_status":"closed","sticky":false,"template":"","format":"standard","meta":[],"categories":[3839,3844,4],"tags":[6013,5988],"_links":{"self":[{"href":"http:\/\/desarrollo.grupomedios.com\/futbol\/wp-json\/wp\/v2\/posts\/462030"}],"collection":[{"href":"http:\/\/desarrollo.grupomedios.com\/futbol\/wp-json\/wp\/v2\/posts"}],"about":[{"href":"http:\/\/desarrollo.grupomedios.com\/futbol\/wp-json\/wp\/v2\/types\/post"}],"author":[{"embeddable":true,"href":"http:\/\/desarrollo.grupomedios.com\/futbol\/wp-json\/wp\/v2\/users\/20"}],"replies":[{"embeddable":true,"href":"http:\/\/desarrollo.grupomedios.com\/futbol\/wp-json\/wp\/v2\/comments?post=462030"}],"version-history":[{"count":0,"href":"http:\/\/desarrollo.grupomedios.com\/futbol\/wp-json\/wp\/v2\/posts\/462030\/revisions"}],"wp:featuredmedia":[{"embeddable":true,"href":"http:\/\/desarrollo.grupomedios.com\/futbol\/wp-json\/wp\/v2\/media\/447108"}],"wp:attachment":[{"href":"http:\/\/desarrollo.grupomedios.com\/futbol\/wp-json\/wp\/v2\/media?parent=462030"}],"wp:term":[{"taxonomy":"category","embeddable":true,"href":"http:\/\/desarrollo.grupomedios.com\/futbol\/wp-json\/wp\/v2\/categories?post=462030"},{"taxonomy":"post_tag","embeddable":true,"href":"http:\/\/desarrollo.grupomedios.com\/futbol\/wp-json\/wp\/v2\/tags?post=462030"}],"curies":[{"name":"wp","href":"https:\/\/api.w.org\/{rel}","templated":true}]}}