{"id":462032,"date":"2017-02-18T11:32:01","date_gmt":"2017-02-18T17:32:01","guid":{"rendered":"https:\/\/www.futboltotal.com.mx\/?p=462032"},"modified":"2017-02-18T11:32:01","modified_gmt":"2017-02-18T17:32:01","slug":"real-madrid-paseo-al-espanyol-diego-reyes","status":"publish","type":"post","link":"http:\/\/desarrollo.grupomedios.com\/futbol\/destacado-home\/real-madrid-paseo-al-espanyol-diego-reyes\/2017\/02","title":{"rendered":"Real Madrid pase\u00f3 al Espanyol de Diego Reyes"},"content":{"rendered":"<p>Un brillante encuentro de Isco Alarc\u00f3n, que ilumin\u00f3 la victoria del Real Madrid frente al Espanyol (2-0) con dos asistencias a \u00c1lvaro Morata y a Gareth Bale, bast\u00f3 al conjunto blanco para llevarse tres puntos con los que se asienta en el liderato.<\/p>\n<p>Las apariciones de Isco a lo largo de los noventa minutos fueron clave para el conjunto blanco, que durante muchas fases del choque se atasc\u00f3 ante un rival que no quiso jugar demasiado. El centrocampista malague\u00f1o fue rumiando la victoria y con dos fogonazos sell\u00f3 el destino de sus rivales.<\/p>\n<p>https:\/\/twitter.com\/realmadriden\/status\/832999338846670851<\/p>\n<p>Isco apareci\u00f3 en el once pocos d\u00edas despu\u00e9s de la batalla ante el N\u00e1poles gracias a que Zinedine Zidane apost\u00f3 por hacer rotaciones. Necesitaba dar descanso a algunos jugadores y sent\u00f3 en el banquillo a James Rodr\u00edguez, a Casemiro y a Marcelo. Keylor Navas, Karim Benzema y Luka Modric, ni fueron convocados. Y, Sergio Ramos, con un problema en la cadera, tambi\u00e9n se qued\u00f3 en la grada.<\/p>\n<p>ntonces, apareci\u00f3 Isco, que desde el principio del duelo hab\u00eda mostrado algunos destellos, para explotar definitivamente con un pase perfecto a la cabeza de Morata. El delantero blanco bati\u00f3 a Diego L\u00f3pez con un testarazo de manual y, despu\u00e9s de 7 suplencias consecutivas, marc\u00f3 su s\u00e9ptimo tanto en Liga y ya suma 11 dianas en todas las competiciones.<\/p>\n<p style=\"text-align: center;\"><span style=\"color: #3366ff;\"><a style=\"color: #3366ff;\" href=\"https:\/\/www.futboltotal.com.mx\/2017\/02\/mejor-se-vayan-al-descenso-gignac-a-veracruz\/\">LEER M\u00c1S: Que mejor se vayan al descenso : Gignac a Veracruz<\/a><\/span><\/p>\n<p>Morata no disfruta de los mismos minutos que otros, pero claramente es un jugador efectivo. Y, esa efectividad, sirvi\u00f3 al Real Madrid para abrir un encuentro enredado que s\u00f3lo se iba a abrir con un detalle que aportaron Isco y Morata.<\/p>\n<p>El tiempo fue pasando y las noticias sobre el c\u00e9sped eran escasas. \u00c9stas se reactivaron con la reaparici\u00f3n de Gareth Bale, que volvi\u00f3 a jugar 88 d\u00edas despu\u00e9s de lesionarse el pasado 22 de noviembre y volvi\u00f3 con un gol marca de la casa en un contragolpe.<\/p>\n<p>Eso s\u00ed, lo consigui\u00f3 impulsado por Isco, de nuevo decisivo con otra asistencia. El aplauso se lo llev\u00f3 Bale con su sexto tanto del curso pero el m\u00e9rito, como en el tanto de Morata, fue del centrocampista malague\u00f1o.<\/p>\n<p>En ese momento, con la cabalgada y el tanto del gal\u00e9s, se acab\u00f3 definitivamente el partido. El Real Madrid, sin demasiados alardes, firm\u00f3 un duelo correcto en el que Isco fue el verdadero impulsor de los goleadores Bale y Morata.<\/p>\n","protected":false},"excerpt":{"rendered":"<p>Gareth Bale volvi\u00f3 y marc\u00f3.<\/p>\n","protected":false},"author":144,"featured_media":462033,"comment_status":"closed","ping_status":"closed","sticky":false,"template":"","format":"standard","meta":[],"categories":[5,3839,3844],"tags":[6006,67,5988],"_links":{"self":[{"href":"http:\/\/desarrollo.grupomedios.com\/futbol\/wp-json\/wp\/v2\/posts\/462032"}],"collection":[{"href":"http:\/\/desarrollo.grupomedios.com\/futbol\/wp-json\/wp\/v2\/posts"}],"about":[{"href":"http:\/\/desarrollo.grupomedios.com\/futbol\/wp-json\/wp\/v2\/types\/post"}],"author":[{"embeddable":true,"href":"http:\/\/desarrollo.grupomedios.com\/futbol\/wp-json\/wp\/v2\/users\/144"}],"replies":[{"embeddable":true,"href":"http:\/\/desarrollo.grupomedios.com\/futbol\/wp-json\/wp\/v2\/comments?post=462032"}],"version-history":[{"count":0,"href":"http:\/\/desarrollo.grupomedios.com\/futbol\/wp-json\/wp\/v2\/posts\/462032\/revisions"}],"wp:featuredmedia":[{"embeddable":true,"href":"http:\/\/desarrollo.grupomedios.com\/futbol\/wp-json\/wp\/v2\/media\/462033"}],"wp:attachment":[{"href":"http:\/\/desarrollo.grupomedios.com\/futbol\/wp-json\/wp\/v2\/media?parent=462032"}],"wp:term":[{"taxonomy":"category","embeddable":true,"href":"http:\/\/desarrollo.grupomedios.com\/futbol\/wp-json\/wp\/v2\/categories?post=462032"},{"taxonomy":"post_tag","embeddable":true,"href":"http:\/\/desarrollo.grupomedios.com\/futbol\/wp-json\/wp\/v2\/tags?post=462032"}],"curies":[{"name":"wp","href":"https:\/\/api.w.org\/{rel}","templated":true}]}}