{"id":462040,"date":"2017-02-18T13:53:07","date_gmt":"2017-02-18T19:53:07","guid":{"rendered":"https:\/\/www.futboltotal.com.mx\/?p=462040"},"modified":"2017-02-18T13:53:39","modified_gmt":"2017-02-18T19:53:39","slug":"ronaldinho-asegura-estar-cerca-del-retiro","status":"publish","type":"post","link":"http:\/\/desarrollo.grupomedios.com\/futbol\/futbol-internacional\/ronaldinho-asegura-estar-cerca-del-retiro\/2017\/02","title":{"rendered":"Ronaldinho asegura estar cerca del retiro"},"content":{"rendered":"<p>El brasile\u00f1o Ronaldinho Ga\u00facho, recientemente nombrado embajador del Barcelona por los pr\u00f3ximos diez a\u00f1os, abri\u00f3 hoy las puertas a una retirada definitiva del f\u00fatbol profesional y anunci\u00f3 que ya piensa en posibles partidos de despedida.<\/p>\n<blockquote><p>&#8220;Voy a hacer 37 a\u00f1os el mes que viene, la edad llega para todo el mundo y es la hora de tomar un nuevo rumbo&#8221;, dijo Ronaldinho en declaraciones a TV Globo en Nueva Orleans (Estados Unidos), donde acompa\u00f1a este fin de semana el Partido de las Estrellas de la NBA.<\/p><\/blockquote>\n<p>El campe\u00f3n del mundo con la selecci\u00f3n brasile\u00f1a en 2002 desvel\u00f3 que recibi\u00f3 varias ofertas para jugar &#8220;tres meses en un club, seis meses en otro&#8221;, pero reconoci\u00f3 que no es lo que quiere hacer en este momento sin descartar, sin embargo, posibles encuentros de despedida.<\/p>\n<blockquote><p>&#8220;Todav\u00eda no defin\u00ed si har\u00e9 partido de despedida, si voy hacer tres meses en alg\u00fan lugar para cerrar, pero creo que quedar\u00e1 m\u00e1s para un juego de despedida mismo. Todav\u00eda no es definitivo, pero dentro de poco voy a tomar una decisi\u00f3n&#8221;, explic\u00f3 Ronaldinho.<\/p><\/blockquote>\n<p>Asimismo, anunci\u00f3 que sopesa incluso organizar un encuentro de despedida en cada club en el que jug\u00f3: &#8220;Va a venir algo fant\u00e1stico para cerrar de manera bonita&#8221;.<\/p>\n<p style=\"text-align: center;\"><span style=\"color: #3366ff;\"><a style=\"color: #3366ff;\" href=\"https:\/\/www.futboltotal.com.mx\/2017\/02\/mejor-se-vayan-al-descenso-gignac-a-veracruz\/\">LEER M\u00c1S: Que mejor se vayan al descenso : Gignac a Veracruz<\/a><\/span><\/p>\n<p>En enero pasado, el representante y hermano del astro brasile\u00f1o, Roberto de Assis Moreira, confirm\u00f3 que hubo contactos con la directiva del Nacional de Montevideo por medio de intermediarios que buscaban acercar al jugador al equipo tricolor.<\/p>\n<p>Tambi\u00e9n se le vincul\u00f3 con el Chapecoense, equipo que perdi\u00f3 a 19 integrantes de la primera plantilla en un accidente a\u00e9reo ocurrido en Colombia, y con el Coritiba, ambos de Brasil.<\/p>\n<p><iframe loading=\"lazy\" src=\"https:\/\/www.youtube.com\/embed\/0rWrPZpVEuY?feature=oembed\" frameborder=\"0\" allowfullscreen><\/iframe><\/p>\n<p>El ex del Barcelona, Par\u00eds Saint-Germain y Milan, entre otros, se comprometi\u00f3 en los primeros d\u00edas de este mes con el club azulgrana a ser el embajador de ese club durante la pr\u00f3xima d\u00e9cada.<\/p>\n<p>Ronaldinho, que lleg\u00f3 al f\u00fatbol europeo procedente del Gremio para jugar en el equipo parisino, jug\u00f3 en enero de 2016 sus \u00faltimos encuentros profesionales con el Fluminense durante la Copa Florida. EFE<\/p>\n","protected":false},"excerpt":{"rendered":"<p>El astro esta cerca de cumplir 37 a\u00f1os.<\/p>\n","protected":false},"author":144,"featured_media":446507,"comment_status":"closed","ping_status":"closed","sticky":false,"template":"","format":"standard","meta":[],"categories":[3839,5951],"tags":[6214,5997],"_links":{"self":[{"href":"http:\/\/desarrollo.grupomedios.com\/futbol\/wp-json\/wp\/v2\/posts\/462040"}],"collection":[{"href":"http:\/\/desarrollo.grupomedios.com\/futbol\/wp-json\/wp\/v2\/posts"}],"about":[{"href":"http:\/\/desarrollo.grupomedios.com\/futbol\/wp-json\/wp\/v2\/types\/post"}],"author":[{"embeddable":true,"href":"http:\/\/desarrollo.grupomedios.com\/futbol\/wp-json\/wp\/v2\/users\/144"}],"replies":[{"embeddable":true,"href":"http:\/\/desarrollo.grupomedios.com\/futbol\/wp-json\/wp\/v2\/comments?post=462040"}],"version-history":[{"count":0,"href":"http:\/\/desarrollo.grupomedios.com\/futbol\/wp-json\/wp\/v2\/posts\/462040\/revisions"}],"wp:featuredmedia":[{"embeddable":true,"href":"http:\/\/desarrollo.grupomedios.com\/futbol\/wp-json\/wp\/v2\/media\/446507"}],"wp:attachment":[{"href":"http:\/\/desarrollo.grupomedios.com\/futbol\/wp-json\/wp\/v2\/media?parent=462040"}],"wp:term":[{"taxonomy":"category","embeddable":true,"href":"http:\/\/desarrollo.grupomedios.com\/futbol\/wp-json\/wp\/v2\/categories?post=462040"},{"taxonomy":"post_tag","embeddable":true,"href":"http:\/\/desarrollo.grupomedios.com\/futbol\/wp-json\/wp\/v2\/tags?post=462040"}],"curies":[{"name":"wp","href":"https:\/\/api.w.org\/{rel}","templated":true}]}}