{"id":462046,"date":"2017-02-18T14:58:52","date_gmt":"2017-02-18T20:58:52","guid":{"rendered":"https:\/\/www.futboltotal.com.mx\/?p=462046"},"modified":"2017-02-18T14:58:52","modified_gmt":"2017-02-18T20:58:52","slug":"nunca-volvere-a-entrenar-al-barcelonaguardiola","status":"publish","type":"post","link":"http:\/\/desarrollo.grupomedios.com\/futbol\/futbol-internacional\/nunca-volvere-a-entrenar-al-barcelonaguardiola\/2017\/02","title":{"rendered":"Nunca volver\u00e9 a entrenar al Barcelona:Guardiola"},"content":{"rendered":"<p>El entrenador del Manchester City, el espa\u00f1ol Pep Guardiola, descart\u00f3 volver a dirigir al Barcelona porque considera que su etapa en la entidad azulgrana &#8220;es pasado&#8221;.<\/p>\n<p>&#8220;Nunca volver\u00e9 a entrenar al Barcelona. Mi per\u00edodo all\u00ed acab\u00f3&#8221;, dijo el t\u00e9cnico espa\u00f1ol en Sky Sports.<\/p>\n<p>Guardiola, que gan\u00f3 catorce t\u00edtulos en cuatro a\u00f1os como responsable t\u00e9cnico del Barcelona, se mostr\u00f3 tajante en un momento en el que se cuestiona el futuro del actual entrenador azulgrana, Luis Enrique, tras la goleada encajada el pasado martes ante el Par\u00eds Saint Germain en la Liga de Campeones.<\/p>\n<p style=\"text-align: center;\"><span style=\"color: #3366ff;\"><a style=\"color: #3366ff;\" href=\"https:\/\/www.futboltotal.com.mx\/2017\/02\/luis-enrique-define-barcelona\/\">LEER M\u00c1S: Luis Enrique define su futuro con el Barcelona<\/a><\/span><\/p>\n<p>Guardiola asumi\u00f3 con naturalidad el empate que cosech\u00f3 su equipo ante el Huddersfield en los octavos de final de la Copa de Inglaterra, que se resolver\u00e1n en un desempate (replay), en el Etihad Stadium el pr\u00f3ximo 27 de febrero. EFE<\/p>\n","protected":false},"excerpt":{"rendered":"<p>Guardiola descarto regresar al conjunto cul\u00e9.<\/p>\n","protected":false},"author":144,"featured_media":454696,"comment_status":"closed","ping_status":"closed","sticky":false,"template":"","format":"standard","meta":[],"categories":[3839,5951],"tags":[5984,2510],"_links":{"self":[{"href":"http:\/\/desarrollo.grupomedios.com\/futbol\/wp-json\/wp\/v2\/posts\/462046"}],"collection":[{"href":"http:\/\/desarrollo.grupomedios.com\/futbol\/wp-json\/wp\/v2\/posts"}],"about":[{"href":"http:\/\/desarrollo.grupomedios.com\/futbol\/wp-json\/wp\/v2\/types\/post"}],"author":[{"embeddable":true,"href":"http:\/\/desarrollo.grupomedios.com\/futbol\/wp-json\/wp\/v2\/users\/144"}],"replies":[{"embeddable":true,"href":"http:\/\/desarrollo.grupomedios.com\/futbol\/wp-json\/wp\/v2\/comments?post=462046"}],"version-history":[{"count":0,"href":"http:\/\/desarrollo.grupomedios.com\/futbol\/wp-json\/wp\/v2\/posts\/462046\/revisions"}],"wp:featuredmedia":[{"embeddable":true,"href":"http:\/\/desarrollo.grupomedios.com\/futbol\/wp-json\/wp\/v2\/media\/454696"}],"wp:attachment":[{"href":"http:\/\/desarrollo.grupomedios.com\/futbol\/wp-json\/wp\/v2\/media?parent=462046"}],"wp:term":[{"taxonomy":"category","embeddable":true,"href":"http:\/\/desarrollo.grupomedios.com\/futbol\/wp-json\/wp\/v2\/categories?post=462046"},{"taxonomy":"post_tag","embeddable":true,"href":"http:\/\/desarrollo.grupomedios.com\/futbol\/wp-json\/wp\/v2\/tags?post=462046"}],"curies":[{"name":"wp","href":"https:\/\/api.w.org\/{rel}","templated":true}]}}