{"id":462049,"date":"2017-02-18T15:32:54","date_gmt":"2017-02-18T21:32:54","guid":{"rendered":"https:\/\/www.futboltotal.com.mx\/?p=462049"},"modified":"2017-02-18T15:32:54","modified_gmt":"2017-02-18T21:32:54","slug":"extrano-mucho-mexico-ronaldinho","status":"publish","type":"post","link":"http:\/\/desarrollo.grupomedios.com\/futbol\/destacado-home\/extrano-mucho-mexico-ronaldinho\/2017\/02","title":{"rendered":"Extra\u00f1o mucho M\u00e9xico: Ronaldinho"},"content":{"rendered":"<p>Luego de su paso por la Liga MX con el Quer\u00e9taro y de haber llegado a la Final que perdi\u00f3 ante Santos, Ronaldinho sigue teniendo a M\u00e9xico presente a pesar de que ya tiene un par de a\u00f1os que sali\u00f3 de los Gallos.<\/p>\n<p>El astro brasile\u00f1o no perdi\u00f3 oportunidad para hablar de los buenos momentos que pas\u00f3 en M\u00e9xico y habl\u00f3 sobre la forma en que lo trato la afici\u00f3n en su paso por Gallos.<\/p>\n<p>\u201cExtra\u00f1o mucho M\u00e9xico. La gente es muy amable conmigo. No s\u00f3lo la gente de Quer\u00e9taro, sino todo M\u00e9xico. Todos los sitios en los que pas\u00e9 a jugar la gente me trat\u00f3 con mucho cari\u00f1o, as\u00ed que echo mucho de menos a los mexicanos\u201d, coment\u00f3 Ronaldinho para ESPN.<\/p>\n<p>Ronaldinho es nuevo embajador del Barcelona por el mundo y se encuentra en Nueva Orleans para disfrutar del Juego de Estrellas de la NBA.<\/p>\n","protected":false},"excerpt":{"rendered":"<p>El brasile\u00f1o agradeci\u00f3 el apoyo de la afici\u00f3n mexicana.<\/p>\n","protected":false},"author":20,"featured_media":462053,"comment_status":"closed","ping_status":"closed","sticky":false,"template":"","format":"standard","meta":[],"categories":[5,3839,5951],"tags":[64,5997],"_links":{"self":[{"href":"http:\/\/desarrollo.grupomedios.com\/futbol\/wp-json\/wp\/v2\/posts\/462049"}],"collection":[{"href":"http:\/\/desarrollo.grupomedios.com\/futbol\/wp-json\/wp\/v2\/posts"}],"about":[{"href":"http:\/\/desarrollo.grupomedios.com\/futbol\/wp-json\/wp\/v2\/types\/post"}],"author":[{"embeddable":true,"href":"http:\/\/desarrollo.grupomedios.com\/futbol\/wp-json\/wp\/v2\/users\/20"}],"replies":[{"embeddable":true,"href":"http:\/\/desarrollo.grupomedios.com\/futbol\/wp-json\/wp\/v2\/comments?post=462049"}],"version-history":[{"count":0,"href":"http:\/\/desarrollo.grupomedios.com\/futbol\/wp-json\/wp\/v2\/posts\/462049\/revisions"}],"wp:featuredmedia":[{"embeddable":true,"href":"http:\/\/desarrollo.grupomedios.com\/futbol\/wp-json\/wp\/v2\/media\/462053"}],"wp:attachment":[{"href":"http:\/\/desarrollo.grupomedios.com\/futbol\/wp-json\/wp\/v2\/media?parent=462049"}],"wp:term":[{"taxonomy":"category","embeddable":true,"href":"http:\/\/desarrollo.grupomedios.com\/futbol\/wp-json\/wp\/v2\/categories?post=462049"},{"taxonomy":"post_tag","embeddable":true,"href":"http:\/\/desarrollo.grupomedios.com\/futbol\/wp-json\/wp\/v2\/tags?post=462049"}],"curies":[{"name":"wp","href":"https:\/\/api.w.org\/{rel}","templated":true}]}}