{"id":462318,"date":"2017-02-19T08:47:45","date_gmt":"2017-02-19T14:47:45","guid":{"rendered":"https:\/\/www.futboltotal.com.mx\/?p=462318"},"modified":"2017-02-19T08:47:45","modified_gmt":"2017-02-19T14:47:45","slug":"jona-villarreal-vence-a-la-real-carlos-vela","status":"publish","type":"post","link":"http:\/\/desarrollo.grupomedios.com\/futbol\/futbol-internacional\/jona-villarreal-vence-a-la-real-carlos-vela\/2017\/02","title":{"rendered":"Con Jona, Villarreal vence a la Real de Carlos Vela"},"content":{"rendered":"<p>Con<strong> Jona dos Santos<\/strong> como titular, el <strong>Villarreal<\/strong> se llev\u00f3 una victoria de Anoeta que le permite acercarse a la quinta plaza ocupada por la <strong>Real Sociedad<\/strong>, tras ganar de \u00faltimo minuto con un gol de Samu Castillejo.<\/p>\n<p>La Real dio una primera mitad en la que domin\u00f3 a los castellonenses a placer, con picos de posesi\u00f3n rozando el 80%, ante una formaci\u00f3n amarilla que se encontraron perdida sobre el terrero de juego tras recibir un primer susto en el inicio de encuentro, al rematar Ra\u00fal Navas un bal\u00f3n que roz\u00f3 el poste.<\/p>\n<p style=\"text-align: center;\"><span style=\"color: #3366ff;\"><a style=\"color: #3366ff;\" href=\"https:\/\/www.futboltotal.com.mx\/futbol-internacional\/\"><strong>LEER M\u00c1S: Todas las noticias de futbol internacional<\/strong> <\/a><\/span><\/p>\n<p>El cuadro donostiarra, con las sensibles bajas de sus dos hombres gol, Willian Jos\u00e9 y Agirretxe, impuso un estilo de juego muy din\u00e1mico, con el mexicano Carlos Vela como estandarte en el ataque, mientras que el Villarreal se defend\u00eda bien y acb\u00f3 el primer tiempo sin un solo tiro al portero Ger\u00f3nimo Rulli.<\/p>\n<p><strong>Carlos Vela<\/strong>, a tres para el final, enviar\u00eda una falta directa sobre el larguero de un Villarreal que esperaba el tiempo de descanso para intentar mejorar sus prestaciones.<\/p>\n<p>El Villarreal pudo abrir el marcador en el minuto 51 tras un grave error de Rulli que dej\u00f3 su puerta vac\u00eda en un intento de hacerse con un bal\u00f3n ante Bakamb, pero \u00e9ste elev\u00f3 su remate por encima del travesa\u00f1o.<\/p>\n<p>La fortaleza de la <strong>Real<\/strong> volvi\u00f3 a quedar patente en dos ocasiones casi seguidas de los blanquiazules, la primera en un disparo de <strong>Carlos Vela<\/strong> al saque de una falta y un cabezazo de Juanmi que tambi\u00e9n rond\u00f3 el gol, pero el bal\u00f3n se resist\u00eda a entrar en este partido matinal.<\/p>\n<p>El equipo que no remata termina pag\u00e1ndolo caro y en el tiempo de descuento Samu Castillejo, libre de marca en el \u00e1rea local, bat\u00eda a Rulli y desataba la euforia en el banquillo de un equipo villarrealense que no terminaba de creerse el triunfo en el \u00faltimo instante.<\/p>\n","protected":false},"excerpt":{"rendered":"<p>El Submarino se impuso con un gol de \u00faltimo minuto; Vela tuvo dos ocasiones de gol<\/p>\n","protected":false},"author":20,"featured_media":462319,"comment_status":"closed","ping_status":"closed","sticky":false,"template":"","format":"standard","meta":[],"categories":[3839,3844,6718,5951],"tags":[6048,102],"_links":{"self":[{"href":"http:\/\/desarrollo.grupomedios.com\/futbol\/wp-json\/wp\/v2\/posts\/462318"}],"collection":[{"href":"http:\/\/desarrollo.grupomedios.com\/futbol\/wp-json\/wp\/v2\/posts"}],"about":[{"href":"http:\/\/desarrollo.grupomedios.com\/futbol\/wp-json\/wp\/v2\/types\/post"}],"author":[{"embeddable":true,"href":"http:\/\/desarrollo.grupomedios.com\/futbol\/wp-json\/wp\/v2\/users\/20"}],"replies":[{"embeddable":true,"href":"http:\/\/desarrollo.grupomedios.com\/futbol\/wp-json\/wp\/v2\/comments?post=462318"}],"version-history":[{"count":0,"href":"http:\/\/desarrollo.grupomedios.com\/futbol\/wp-json\/wp\/v2\/posts\/462318\/revisions"}],"wp:featuredmedia":[{"embeddable":true,"href":"http:\/\/desarrollo.grupomedios.com\/futbol\/wp-json\/wp\/v2\/media\/462319"}],"wp:attachment":[{"href":"http:\/\/desarrollo.grupomedios.com\/futbol\/wp-json\/wp\/v2\/media?parent=462318"}],"wp:term":[{"taxonomy":"category","embeddable":true,"href":"http:\/\/desarrollo.grupomedios.com\/futbol\/wp-json\/wp\/v2\/categories?post=462318"},{"taxonomy":"post_tag","embeddable":true,"href":"http:\/\/desarrollo.grupomedios.com\/futbol\/wp-json\/wp\/v2\/tags?post=462318"}],"curies":[{"name":"wp","href":"https:\/\/api.w.org\/{rel}","templated":true}]}}