{"id":462322,"date":"2017-02-19T11:05:57","date_gmt":"2017-02-19T17:05:57","guid":{"rendered":"https:\/\/www.futboltotal.com.mx\/?p=462322"},"modified":"2017-02-20T09:13:22","modified_gmt":"2017-02-20T15:13:22","slug":"la-peor-version-de-america-en-el-clausura-2017","status":"publish","type":"post","link":"http:\/\/desarrollo.grupomedios.com\/futbol\/destacado-home\/la-peor-version-de-america-en-el-clausura-2017\/2017\/02","title":{"rendered":"La peor versi\u00f3n de Am\u00e9rica"},"content":{"rendered":"<p>El <strong>Am\u00e9rica<\/strong> de <strong>Ricardo La Volpe<\/strong> fue inoperante en el <strong>Cl\u00e1sico<\/strong> ante Chivas y su delantera, fantasmag\u00f3rica. Vivi\u00f3 una noche para el olvido en la que mostr\u00f3 su peor versi\u00f3n. Acab\u00f3 seca, sin gol, y lo peor, sin un solo tiro entre los tres postes.<\/p>\n<p>&#8220;Estamos tristes, dolidos con la afici\u00f3n&#8221;, admiti\u00f3 Oribe Peralta, quien esta vez no pudo anotar como lo hizo en los Cuartos de Final del torneo anterior.<\/p>\n<p style=\"text-align: center;\"><span style=\"color: #3366ff;\">LEER M\u00c1S: Todas las noticias de futbol mexicano<\/span><\/p>\n<p style=\"text-align: left;\">Los n\u00fameros de <strong>Am\u00e9rica<\/strong>, que acab\u00f3 jugando con 10 hombres por una expulsi\u00f3n rigorista de Miguel Samudio, fueron paup\u00e9rrimos: un centro por derecha, dos m\u00e1s por izquierda, un par de tiros a gol, un remate con la cabeza y tres tiros de esquina. No m\u00e1s.<\/p>\n<p style=\"text-align: left;\"><a href=\"https:\/\/www.futboltotal.com.mx\/wp-content\/uploads\/2017\/02\/Arroyo.jpg\"><img decoding=\"async\" loading=\"lazy\" class=\"alignnone size-full wp-image-462326\" src=\"https:\/\/www.futboltotal.com.mx\/wp-content\/uploads\/2017\/02\/Arroyo.jpg\" alt=\"La peor versi\u00f3n de Am\u00e9rica 0\" srcset=\"http:\/\/desarrollo.grupomedios.com\/futbol\/wp-content\/uploads\/2017\/02\/Arroyo.jpg 1136w, http:\/\/desarrollo.grupomedios.com\/futbol\/wp-content\/uploads\/2017\/02\/Arroyo-300x169.jpg 300w, http:\/\/desarrollo.grupomedios.com\/futbol\/wp-content\/uploads\/2017\/02\/Arroyo-768x432.jpg 768w, http:\/\/desarrollo.grupomedios.com\/futbol\/wp-content\/uploads\/2017\/02\/Arroyo-1024x576.jpg 1024w, http:\/\/desarrollo.grupomedios.com\/futbol\/wp-content\/uploads\/2017\/02\/Arroyo-317x178.jpg 317w, http:\/\/desarrollo.grupomedios.com\/futbol\/wp-content\/uploads\/2017\/02\/Arroyo-535x301.jpg 535w, http:\/\/desarrollo.grupomedios.com\/futbol\/wp-content\/uploads\/2017\/02\/Arroyo-374x210.jpg 374w\" sizes=\"(max-width: 1136px) 100vw, 1136px\" \/><\/a><\/p>\n<p style=\"text-align: left;\">Las <em>\u00c1guilas<\/em> extra\u00f1aron a su refuerzo estrella Cecilio Dom\u00ednguez, quien hizo dos tantos en cuatro partidos convirtiendose en el hombre gol del equipo. Su sitio lo ocup\u00f3 <strong>Michael Arroyo<\/strong>, quien a media semana hizo tanto en la Copa MX. El ecuatoriano estuvo 54 minutos en la cancha, pero sin chispa. No logr\u00f3 ponerle una buena pelota a Peralta y lo mejor que hizo fue sacar un par de servicios a tierra de nadie. La Volpe termin\u00f3 sacrific\u00e1ndolo para ingresar a Osmar Mares tras la expulsi\u00f3n de Samudio.<\/p>\n<p style=\"text-align: left;\">Por la otra banda estuvo <strong>Renato Ibarra<\/strong> y fue, quiz\u00e1, lo m\u00e1s punzante que tuvo Am\u00e9rica. Y es que fue el \u00fanico que logr\u00f3 tirar en el primer tiempo, aunque hasta el minuto 42, cuando las <em>\u00c1guilas<\/em> ya estaban en desventaja por el penalti que regal\u00f3 Pablo Aguilar y que convirti\u00f3 \u00c1ngel Zald\u00edvar. Tuvo nula asociaci\u00f3n con <strong>Oribe Peralta<\/strong>. <a href=\"https:\/\/www.futboltotal.com.mx\/wp-content\/uploads\/2017\/02\/Renato.jpg\"><img decoding=\"async\" loading=\"lazy\" class=\"alignnone size-full wp-image-462327\" src=\"https:\/\/www.futboltotal.com.mx\/wp-content\/uploads\/2017\/02\/Renato.jpg\" alt=\"La peor versi\u00f3n de Am\u00e9rica 1\" srcset=\"http:\/\/desarrollo.grupomedios.com\/futbol\/wp-content\/uploads\/2017\/02\/Renato.jpg 1136w, http:\/\/desarrollo.grupomedios.com\/futbol\/wp-content\/uploads\/2017\/02\/Renato-300x169.jpg 300w, http:\/\/desarrollo.grupomedios.com\/futbol\/wp-content\/uploads\/2017\/02\/Renato-768x432.jpg 768w, http:\/\/desarrollo.grupomedios.com\/futbol\/wp-content\/uploads\/2017\/02\/Renato-1024x576.jpg 1024w, http:\/\/desarrollo.grupomedios.com\/futbol\/wp-content\/uploads\/2017\/02\/Renato-317x178.jpg 317w, http:\/\/desarrollo.grupomedios.com\/futbol\/wp-content\/uploads\/2017\/02\/Renato-535x301.jpg 535w, http:\/\/desarrollo.grupomedios.com\/futbol\/wp-content\/uploads\/2017\/02\/Renato-374x210.jpg 374w\" sizes=\"(max-width: 1136px) 100vw, 1136px\" \/><\/a><\/p>\n<p style=\"text-align: left;\">La Volpe puso en punta a <strong>Oribe Peralta<\/strong>, pero sin la mejor versi\u00f3n de Arroyo e Ibarra fue imposible que pudiese pesar a la ofensiva. El \u00fanico remate que hizo se fue desviado. En el complemento tampoco hizo mucho con el ingreso de Darwin Quintero, cuya mejor jugada fue un tiro descompuesto que paso muy desviado del marco de Rodolfo Cota.<\/p>\n<p style=\"text-align: left;\"><a href=\"https:\/\/www.futboltotal.com.mx\/wp-content\/uploads\/2017\/02\/Oribe.jpg\"><img decoding=\"async\" loading=\"lazy\" class=\"alignnone size-full wp-image-462325\" src=\"https:\/\/www.futboltotal.com.mx\/wp-content\/uploads\/2017\/02\/Oribe.jpg\" alt=\"La peor versi\u00f3n de Am\u00e9rica 2\" srcset=\"http:\/\/desarrollo.grupomedios.com\/futbol\/wp-content\/uploads\/2017\/02\/Oribe.jpg 1136w, http:\/\/desarrollo.grupomedios.com\/futbol\/wp-content\/uploads\/2017\/02\/Oribe-300x169.jpg 300w, http:\/\/desarrollo.grupomedios.com\/futbol\/wp-content\/uploads\/2017\/02\/Oribe-768x432.jpg 768w, http:\/\/desarrollo.grupomedios.com\/futbol\/wp-content\/uploads\/2017\/02\/Oribe-1024x576.jpg 1024w, http:\/\/desarrollo.grupomedios.com\/futbol\/wp-content\/uploads\/2017\/02\/Oribe-317x178.jpg 317w, http:\/\/desarrollo.grupomedios.com\/futbol\/wp-content\/uploads\/2017\/02\/Oribe-535x301.jpg 535w, http:\/\/desarrollo.grupomedios.com\/futbol\/wp-content\/uploads\/2017\/02\/Oribe-374x210.jpg 374w\" sizes=\"(max-width: 1136px) 100vw, 1136px\" \/><\/a><\/p>\n<p style=\"text-align: left;\">Hasta antes del Cl\u00e1sico, <strong>Am\u00e9rica<\/strong> promediaba 9.8 disparos a puerta por partido. Su problema era la falta de contudencia. Ayer le sumo otro m\u00e1s: la falta de llegada. El pr\u00f3ximo s\u00e1bado se mide ante Cruz Azul. Tendr\u00e1 una semana con la presi\u00f3n a tope. &#8220;No queda otra que levantar la cara y buscar salir de esta&#8221;, dijo Peralta.<\/p>\n","protected":false},"excerpt":{"rendered":"<p>Las \u00c1guilas, que promediaban 9.8 tiros a puerta, no hicieron un solo disparo a gol en el Cl\u00e1sico. <\/p>\n","protected":false},"author":20,"featured_media":462324,"comment_status":"closed","ping_status":"closed","sticky":false,"template":"","format":"standard","meta":[],"categories":[5,2198,3845],"tags":[5959,70,1158],"_links":{"self":[{"href":"http:\/\/desarrollo.grupomedios.com\/futbol\/wp-json\/wp\/v2\/posts\/462322"}],"collection":[{"href":"http:\/\/desarrollo.grupomedios.com\/futbol\/wp-json\/wp\/v2\/posts"}],"about":[{"href":"http:\/\/desarrollo.grupomedios.com\/futbol\/wp-json\/wp\/v2\/types\/post"}],"author":[{"embeddable":true,"href":"http:\/\/desarrollo.grupomedios.com\/futbol\/wp-json\/wp\/v2\/users\/20"}],"replies":[{"embeddable":true,"href":"http:\/\/desarrollo.grupomedios.com\/futbol\/wp-json\/wp\/v2\/comments?post=462322"}],"version-history":[{"count":0,"href":"http:\/\/desarrollo.grupomedios.com\/futbol\/wp-json\/wp\/v2\/posts\/462322\/revisions"}],"wp:featuredmedia":[{"embeddable":true,"href":"http:\/\/desarrollo.grupomedios.com\/futbol\/wp-json\/wp\/v2\/media\/462324"}],"wp:attachment":[{"href":"http:\/\/desarrollo.grupomedios.com\/futbol\/wp-json\/wp\/v2\/media?parent=462322"}],"wp:term":[{"taxonomy":"category","embeddable":true,"href":"http:\/\/desarrollo.grupomedios.com\/futbol\/wp-json\/wp\/v2\/categories?post=462322"},{"taxonomy":"post_tag","embeddable":true,"href":"http:\/\/desarrollo.grupomedios.com\/futbol\/wp-json\/wp\/v2\/tags?post=462322"}],"curies":[{"name":"wp","href":"https:\/\/api.w.org\/{rel}","templated":true}]}}