{"id":462402,"date":"2017-02-19T15:16:17","date_gmt":"2017-02-19T21:16:17","guid":{"rendered":"https:\/\/www.futboltotal.com.mx\/?p=462402"},"modified":"2017-02-19T15:18:36","modified_gmt":"2017-02-19T21:18:36","slug":"marcelo-bielsa-volvera-a-dirigir-en-francia","status":"publish","type":"post","link":"http:\/\/desarrollo.grupomedios.com\/futbol\/futbol-internacional\/marcelo-bielsa-volvera-a-dirigir-en-francia\/2017\/02","title":{"rendered":"Oficial: Marcelo Bielsa volver\u00e1 a dirigir en Francia"},"content":{"rendered":"<p>El argentino <strong>Marcelo Bielsa<\/strong>, de 61 a\u00f1os, volver\u00e1 a dirigir a la Ligue 1 de Francia. Este domingo, el Lille anunci\u00f3 la llegada de su nuevo director t\u00e9cnico, quien asumir\u00e1 el cargo a partir del 1 de julio.<\/p>\n<blockquote><p>&#8220;El club de Lille y el entrenador argentino han firmado un contrato de dos a\u00f1os de duraci\u00f3n que entrar\u00e1 en vigor a partir del 1 de julio pr\u00f3ximo&#8221;, comunic\u00f3 la entidad.<\/p>\n<p style=\"text-align: center;\"><a href=\"https:\/\/www.futboltotal.com.mx\/futbol-internacional\/\">LEER M\u00c1S: Todas las noticias de futbol internacional<\/a><\/p>\n<\/blockquote>\n<blockquote class=\"twitter-tweet\" data-lang=\"es\">\n<p dir=\"ltr\" lang=\"fr\">&#x1f534; Accord entre le <a href=\"https:\/\/twitter.com\/hashtag\/LOSC?src=hash\">#LOSC<\/a> et Marcelo <a href=\"https:\/\/twitter.com\/hashtag\/Bielsa?src=hash\">#Bielsa<\/a>. Le technicien argentin sera l\u2019entra\u00eeneur du LOSC \u00e0 compter du 01\/07 \u2935\ufe0f<a href=\"https:\/\/t.co\/PCZkLzaJWv\">https:\/\/t.co\/PCZkLzaJWv<\/a><\/p>\n<p>\u2014 LOSC (@losclive) <a href=\"https:\/\/twitter.com\/losclive\/status\/833272108847337473\">19 de febrero de 2017<\/a><\/p><\/blockquote>\n<p><script async src=\"\/\/platform.twitter.com\/widgets.js\" charset=\"utf-8\"><\/script><\/p>\n<blockquote><p>&#8220;Marcelo Bielsa es, sin ninguna duda, uno de los entrenadores m\u00e1s respetados e influyentes del mundo y haber logrado que venga al Lille es una inmensa satisfacci\u00f3n, una prueba de la ambici\u00f3n de nuestro club&#8221;, constat\u00f3 en el comunicado el director general, Marc Ingla.<\/p><\/blockquote>\n<p><span id=\"ctl14_lblMostra\">El fichaje de <strong><span class=\"classCadenaBusqueda\">Bielsa<\/span><\/strong> por el Lille era un secreto a voces en Francia, sobre todo porque el due\u00f1o del club, el empresario de origen gallego Gerard L\u00f3pez, guarda una buena relaci\u00f3n con el entrenador argentino.<\/span><\/p>\n<p>El reciente nombramiento de Franck Passi como entrenador del club norte\u00f1o presagiaba la llegada de <em>El Loco<\/em>, cuya misi\u00f3n ser\u00e1 colocar al Lille en puestos europeos en la pr\u00f3xima temporada.<\/p>\n<p>El club del norte de Francia,\u00a0campe\u00f3n de la Liga francesa en 1946, 1954 y 2011, lucha actualmente por escapar de la Segunda Divisi\u00f3n, pues marcha decimocuarto a un cuatro puntos de puestos de descenso.<\/p>\n","protected":false},"excerpt":{"rendered":"<p>El Lille sorprende y anuncia la llegada del director t\u00e9cnico argentino.<\/p>\n","protected":false},"author":20,"featured_media":462408,"comment_status":"closed","ping_status":"closed","sticky":false,"template":"","format":"standard","meta":[],"categories":[3839,7521,5951],"tags":[8254,1173],"_links":{"self":[{"href":"http:\/\/desarrollo.grupomedios.com\/futbol\/wp-json\/wp\/v2\/posts\/462402"}],"collection":[{"href":"http:\/\/desarrollo.grupomedios.com\/futbol\/wp-json\/wp\/v2\/posts"}],"about":[{"href":"http:\/\/desarrollo.grupomedios.com\/futbol\/wp-json\/wp\/v2\/types\/post"}],"author":[{"embeddable":true,"href":"http:\/\/desarrollo.grupomedios.com\/futbol\/wp-json\/wp\/v2\/users\/20"}],"replies":[{"embeddable":true,"href":"http:\/\/desarrollo.grupomedios.com\/futbol\/wp-json\/wp\/v2\/comments?post=462402"}],"version-history":[{"count":0,"href":"http:\/\/desarrollo.grupomedios.com\/futbol\/wp-json\/wp\/v2\/posts\/462402\/revisions"}],"wp:featuredmedia":[{"embeddable":true,"href":"http:\/\/desarrollo.grupomedios.com\/futbol\/wp-json\/wp\/v2\/media\/462408"}],"wp:attachment":[{"href":"http:\/\/desarrollo.grupomedios.com\/futbol\/wp-json\/wp\/v2\/media?parent=462402"}],"wp:term":[{"taxonomy":"category","embeddable":true,"href":"http:\/\/desarrollo.grupomedios.com\/futbol\/wp-json\/wp\/v2\/categories?post=462402"},{"taxonomy":"post_tag","embeddable":true,"href":"http:\/\/desarrollo.grupomedios.com\/futbol\/wp-json\/wp\/v2\/tags?post=462402"}],"curies":[{"name":"wp","href":"https:\/\/api.w.org\/{rel}","templated":true}]}}