{"id":462543,"date":"2017-02-20T11:36:42","date_gmt":"2017-02-20T17:36:42","guid":{"rendered":"https:\/\/www.futboltotal.com.mx\/?p=462543"},"modified":"2017-02-20T13:06:19","modified_gmt":"2017-02-20T19:06:19","slug":"chicharito-sera-clave-ante-atletico-schmidt","status":"publish","type":"post","link":"http:\/\/desarrollo.grupomedios.com\/futbol\/futbol-internacional\/chicharito-sera-clave-ante-atletico-schmidt\/2017\/02","title":{"rendered":"Buen momento de Chicharito ser\u00e1 clave ante Atl\u00e9tico"},"content":{"rendered":"<p>El entrenador del <strong>Bayer Leverkusen<\/strong>, <strong>Roger Schmidt<\/strong>, considera que el buen momento de forma del mexicano Javier &#8220;<strong>Chicharito<\/strong>&#8221; Hern\u00e1ndez puede ser clave en el partido de ma\u00f1ana ante el Atl\u00e9tico de Madrid en el que cree que su equipo no tendr\u00e1 muchas ocasiones de gol.<\/p>\n<blockquote><p>&#8220;No vamos a tener muchas ocasiones por lo que las que tengamos, tenemos que aprovecharlas. Para eso puede ser clave en buen momento de Chicharito&#8221;, dijo Schmidt en la conferencia de prensa del Leverkusen.<\/p>\n<p style=\"text-align: center;\"><a href=\"https:\/\/www.futboltotal.com.mx\/futbol-internacional\/\"><span style=\"color: #3366ff;\">LEER M\u00c1S: Todas las noticias de futbol internacional<\/span><\/a><\/p>\n<\/blockquote>\n<p><strong>Schmidt<\/strong> destac\u00f3 que<strong> Chicharito<\/strong> ha vuelto muy bien de la pausa de invierno y que se est\u00e1 beneficiando del juego ofensivo de todo el equipo que el que se encarga de convertir en goles en el \u00faltimo toque.<\/p>\n<blockquote><p>&#8220;Chicharito ha vuelto muy bien de la pausa de invierno, est\u00e1 en plena forma. Naturalmente \u00e9l tambi\u00e9n se beneficia de nuestro juego ofensivo pero necesitamos su claridad en la definici\u00f3n&#8221;, dijo.<\/p><\/blockquote>\n<p><strong>Schmidt<\/strong>\u00a0revel\u00f3 que el volante defensivo &#8220;Lars Bender no se entrenar\u00e1 con el grupo sino individualmente&#8221; y cuya participaci\u00f3n en el partido contra el Atl\u00e9tico s\u00f3lo se decidir\u00e1 ma\u00f1ana.<\/p>\n<p>Interrogado acerca de si la mayor experiencia de los jugadores del Atl\u00e9tico no puede ser determinante,<strong> Schmidt<\/strong> dijo que aunque la experiencia es importante no es el \u00fanico factor que influye en el f\u00fatbol.<\/p>\n<blockquote><p>&#8220;Es claro que la experiencia no le hace da\u00f1o a nadie pero hay otros factores. Nosotros tenemos nuestras fortalezas y vamos a tratar de aprovecharlas&#8221;, dijo.<\/p><\/blockquote>\n<p>El centrocampista Kevin Kampl, por su parte, dijo que llega al partido &#8220;con una gran porci\u00f3n de entusiasmo&#8221;.<\/p>\n<blockquote><p>&#8220;Para llegar hasta aqu\u00ed hemos tenido que trabajar mucho, para estar un octavos ante un equipo como el Atl\u00e9tico de Madrid. Es un hito que me produce gran alegr\u00eda. Por esos partidos es que uno juega al f\u00fatbol&#8221;, dijo.<\/p><\/blockquote>\n","protected":false},"excerpt":{"rendered":"<p>El entrenador del Leverkusen confi\u00f3 en que el mexicano haga gol en los Octavos de Final de UCL.<\/p>\n","protected":false},"author":20,"featured_media":462570,"comment_status":"closed","ping_status":"closed","sticky":false,"template":"","format":"standard","meta":[],"categories":[3841,3839,5951],"tags":[4335,36,120],"_links":{"self":[{"href":"http:\/\/desarrollo.grupomedios.com\/futbol\/wp-json\/wp\/v2\/posts\/462543"}],"collection":[{"href":"http:\/\/desarrollo.grupomedios.com\/futbol\/wp-json\/wp\/v2\/posts"}],"about":[{"href":"http:\/\/desarrollo.grupomedios.com\/futbol\/wp-json\/wp\/v2\/types\/post"}],"author":[{"embeddable":true,"href":"http:\/\/desarrollo.grupomedios.com\/futbol\/wp-json\/wp\/v2\/users\/20"}],"replies":[{"embeddable":true,"href":"http:\/\/desarrollo.grupomedios.com\/futbol\/wp-json\/wp\/v2\/comments?post=462543"}],"version-history":[{"count":0,"href":"http:\/\/desarrollo.grupomedios.com\/futbol\/wp-json\/wp\/v2\/posts\/462543\/revisions"}],"wp:featuredmedia":[{"embeddable":true,"href":"http:\/\/desarrollo.grupomedios.com\/futbol\/wp-json\/wp\/v2\/media\/462570"}],"wp:attachment":[{"href":"http:\/\/desarrollo.grupomedios.com\/futbol\/wp-json\/wp\/v2\/media?parent=462543"}],"wp:term":[{"taxonomy":"category","embeddable":true,"href":"http:\/\/desarrollo.grupomedios.com\/futbol\/wp-json\/wp\/v2\/categories?post=462543"},{"taxonomy":"post_tag","embeddable":true,"href":"http:\/\/desarrollo.grupomedios.com\/futbol\/wp-json\/wp\/v2\/tags?post=462543"}],"curies":[{"name":"wp","href":"https:\/\/api.w.org\/{rel}","templated":true}]}}