{"id":462561,"date":"2017-02-20T12:56:20","date_gmt":"2017-02-20T18:56:20","guid":{"rendered":"https:\/\/www.futboltotal.com.mx\/?p=462561"},"modified":"2017-02-20T12:56:20","modified_gmt":"2017-02-20T18:56:20","slug":"causa-efecto-jose-juan-gallito-vazquez","status":"publish","type":"post","link":"http:\/\/desarrollo.grupomedios.com\/futbol\/destacado-home\/causa-efecto-jose-juan-gallito-vazquez\/2017\/02","title":{"rendered":"Causa y efecto de&#8230; Jos\u00e9 Juan &#8216;Gallito&#8217; V\u00e1zquez"},"content":{"rendered":"<p>Luego de la reciente victoria de <strong>Chivas<\/strong> sobre <strong>Am\u00e9rica<\/strong> los reflectores apuntan a figuras como \u00c1ngel Zald\u00edvar, anotador\u00a0en el \u00faltimo Cl\u00e1sico Nacional, pero hay un jugador de bajo perfil que actualmente se consolida con el <em>Reba\u00f1o<\/em> y es clave en el accionar rojiblanco.<\/p>\n<p><strong>Jos\u00e9 Juan V\u00e1zquez<\/strong> parece estar atravesando por su mejor momento desde que llegara al cuadro tapat\u00edo a mitad del 2016, luego de cuatro a\u00f1os vistiendo la playera del <strong>Le\u00f3n<\/strong>, el equipo que lo llev\u00f3 a la consolidaci\u00f3n en el balompi\u00e9 mexicano.<\/p>\n<p>El <em>Gallito<\/em> comenz\u00f3 su andar en el profesionalismo con el <strong>Celaya<\/strong>, club de la ciudad en la que naci\u00f3 y en la que vivi\u00f3 una infancia complicada, con carencias econ\u00f3micas que incluso le causaron rechazo en el mismo mundo del futbol.<\/p>\n<p style=\"text-align: center;\"><a href=\"https:\/\/www.futboltotal.com.mx\/2017\/02\/11-infame-la-jornada-7\/\">VER M\u00c1S: EL 11 IDEAL DE LA JORNADA 7 DEL CLAUSURA 2017<\/a><\/p>\n<p>Pese a ello, V\u00e1zquez nunca se rindi\u00f3 y hoy en d\u00eda es una figura de la Liga MX que en su momento fue parte de los llamados al Tri para disputar el Mundial de Brasil 2014.<\/p>\n<p>En <em>Futbol Total<\/em>\u00a0te contamos su historia en Causa y Efecto de&#8230; <strong>Jos\u00e9 Juan V\u00e1zquez.\u00a0<\/strong><\/p>\n<p style=\"text-align: center;\"><a href=\"https:\/\/www.futboltotal.com.mx\/2017\/02\/elige-mejor-gol-de-jornada-7-clausura-2017\/\">VER M\u00c1S: ELIGE EL MEJOR GOL DE LA JORNADA 7 DEL CLAUSURA 2017<\/a><\/p>\n<p>[video_player]https:\/\/player.vimeo.com\/external\/204921767.hd.mp4?s=e5c66fd5e662f1d764682814f84579e1ef67755a&amp;profile_id=174[\/video_player]<\/p>\n<p class=\"p1\"><span class=\"s1\"><b>S\u00edguenos en Twitter<\/b>:\u00a0<a href=\"https:\/\/twitter.com\/MXFutbolTotal\"><span class=\"s2\">@MXFutbolTotal<\/span><\/a><\/span><\/p>\n","protected":false},"excerpt":{"rendered":"<p>El Gallito vivi\u00f3 una infancia con carencias y rechazo, aunque nunca se rindi\u00f3 para cumplir su sue\u00f1o.<\/p>\n","protected":false},"author":20,"featured_media":462563,"comment_status":"closed","ping_status":"closed","sticky":false,"template":"","format":"standard","meta":[],"categories":[5,2198,3845],"tags":[8184,70,7732,7226,8259,5963,6109,64],"_links":{"self":[{"href":"http:\/\/desarrollo.grupomedios.com\/futbol\/wp-json\/wp\/v2\/posts\/462561"}],"collection":[{"href":"http:\/\/desarrollo.grupomedios.com\/futbol\/wp-json\/wp\/v2\/posts"}],"about":[{"href":"http:\/\/desarrollo.grupomedios.com\/futbol\/wp-json\/wp\/v2\/types\/post"}],"author":[{"embeddable":true,"href":"http:\/\/desarrollo.grupomedios.com\/futbol\/wp-json\/wp\/v2\/users\/20"}],"replies":[{"embeddable":true,"href":"http:\/\/desarrollo.grupomedios.com\/futbol\/wp-json\/wp\/v2\/comments?post=462561"}],"version-history":[{"count":0,"href":"http:\/\/desarrollo.grupomedios.com\/futbol\/wp-json\/wp\/v2\/posts\/462561\/revisions"}],"wp:featuredmedia":[{"embeddable":true,"href":"http:\/\/desarrollo.grupomedios.com\/futbol\/wp-json\/wp\/v2\/media\/462563"}],"wp:attachment":[{"href":"http:\/\/desarrollo.grupomedios.com\/futbol\/wp-json\/wp\/v2\/media?parent=462561"}],"wp:term":[{"taxonomy":"category","embeddable":true,"href":"http:\/\/desarrollo.grupomedios.com\/futbol\/wp-json\/wp\/v2\/categories?post=462561"},{"taxonomy":"post_tag","embeddable":true,"href":"http:\/\/desarrollo.grupomedios.com\/futbol\/wp-json\/wp\/v2\/tags?post=462561"}],"curies":[{"name":"wp","href":"https:\/\/api.w.org\/{rel}","templated":true}]}}