{"id":462583,"date":"2017-02-20T18:40:05","date_gmt":"2017-02-21T00:40:05","guid":{"rendered":"https:\/\/www.futboltotal.com.mx\/?p=462583"},"modified":"2017-02-20T18:41:18","modified_gmt":"2017-02-21T00:41:18","slug":"tuca-ferreti-amenace-a-aficion-del-veracruz","status":"publish","type":"post","link":"http:\/\/desarrollo.grupomedios.com\/futbol\/destacado-home\/tuca-ferreti-amenace-a-aficion-del-veracruz\/2017\/02","title":{"rendered":"Tuca Ferreti: &#8220;S\u00ed, amenac\u00e9 a afici\u00f3n del Veracruz, \u00bfpor qu\u00e9 no?&#8221;"},"content":{"rendered":"<p>Luego de la <a href=\"https:\/\/www.futboltotal.com.mx\/2017\/02\/aficionados-veracruz-agreden-a-barra-tigres\/\">terrible pelea\u00a0que se dio en las gradas del estadio Luis <em>Pirata<\/em> Fuente<\/a> en el partido\u00a0entre <strong>Veracruz<\/strong> y <strong>Tigres<\/strong> durante la fecha 7 del <strong>Clausura 2017<\/strong>, personajes de estos equipos siguen hablando al respecto y ahora fue el caso de <strong>Ricardo Ferretti<\/strong>.<\/p>\n<p>El <em>Tuca<\/em>, quien durante los brotes de violencia en suelo veracruzano perdi\u00f3 la compostura y entre gritos y empujones exig\u00eda que elementos policiacos hicieran algo para detener los hechos, lanz\u00f3 algunas amenazas a los seguidores de los <em>Tiburones<\/em> y el d\u00eda de hoy en conferencia de prensa confirm\u00f3 sus palabras.<\/p>\n<p style=\"text-align: center;\"><a href=\"https:\/\/www.futboltotal.com.mx\/2017\/02\/gignac-manda-mensaje-reinoso-le-responde\/\">VER M\u00c1S: GIGNAC MANDA MENSAJE Y REINOSO LE RESPONDE<\/a><\/p>\n<p>&#8220;Si t\u00fa piensas que voy a decir que no fue amenaza, pues s\u00ed fue, \u00bfpor qu\u00e9 no? Porque atacar a la piedra mala, lo aplaudes, lo amenazas, por agarrar al polic\u00eda le dec\u00eda habla con \u00e9l, le dec\u00eda usa el radio, pide ayuda.<\/p>\n<p style=\"text-align: center;\"><a href=\"https:\/\/www.futboltotal.com.mx\/2017\/02\/mejor-se-vayan-al-descenso-gignac-a-veracruz\/\">VER M\u00c1S: QUE MEJOR SE VAYAN\u00a0AL DESCENSO: GIGNAC AL VERACRUZ<\/a><\/p>\n<p>&#8220;\u00bfY qu\u00e9 quieres que diga, que cuando vayan all\u00e1 les van a dar besos? Cuando vayan all\u00e1 van a ver, y s\u00ed les van a dar, y los que van a venir son otros, no los cobardes estos, sino gente buena, gente que s\u00ed quiere apoyar y hacer las cosas bien. \u00bfT\u00fa crees que el tipo del picahielos va a venir? (&#8230;) Entonces ya le dije en esta instituci\u00f3n yo soy el maldito&#8230; y todo el mundo lo sabe&#8221;, se\u00f1al\u00f3 el entrenador.<\/p>\n<p><iframe loading=\"lazy\" src=\"https:\/\/www.youtube.com\/embed\/O0JpTk84JGo\" frameborder=\"0\" allowfullscreen=\"allowfullscreen\"><\/iframe><\/p>\n<p>&#8220;Si fuera por m\u00ed no los dejaba entrar, para empezar. Pero van a venir y van a estar bien resguardados all\u00e1 arriba. \u00bfCu\u00e1ntos partidos hemos tenido en el Universitario desde 2010? Y no hemos tenido ning\u00fan incidente, porque mi directiva y el estado de Nuevo le\u00f3n se preocupan&#8221;, agreg\u00f3 Ferretti.<\/p>\n<p>&#8220;En primer lugar Andr\u00e9 no tiene la culpa (&#8230;) Andr\u00e9 tiene derecho de opinar todo lo que quiera, esa es una cuesti\u00f3n de \u00e9l. Lo cierto es que \u00e9l no sali\u00f3 a provocar, el sali\u00f3 de una sequ\u00eda de goles, pero ustedes (prensa) est\u00e1n chingue y chingue. Punto, es todo.<\/p>\n<p style=\"text-align: center;\"><a href=\"https:\/\/www.futboltotal.com.mx\/2017\/02\/duenas-grave-lesion-botellazo-en-veracruz\/\">VER M\u00c1S: DUE\u00d1AS TUVO GRAVE LESI\u00d3N POR BOTELLAZO EN VERACRUZ<\/a><\/p>\n<p class=\"p1\"><span class=\"s1\"><b>S\u00edguenos en Twitter<\/b>:\u00a0<a href=\"https:\/\/twitter.com\/MXFutbolTotal\"><span class=\"s2\">@MXFutbolTotal<\/span><\/a><\/span><\/p>\n","protected":false},"excerpt":{"rendered":"<p>El Tuca lanz\u00f3 amenazas a los seguidores de los Tiburones y el d\u00eda de hoy confirm\u00f3 sus palabras.<\/p>\n","protected":false},"author":20,"featured_media":449930,"comment_status":"closed","ping_status":"closed","sticky":false,"template":"","format":"standard","meta":[],"categories":[5,2198,3845],"tags":[259,5973,258,1458],"_links":{"self":[{"href":"http:\/\/desarrollo.grupomedios.com\/futbol\/wp-json\/wp\/v2\/posts\/462583"}],"collection":[{"href":"http:\/\/desarrollo.grupomedios.com\/futbol\/wp-json\/wp\/v2\/posts"}],"about":[{"href":"http:\/\/desarrollo.grupomedios.com\/futbol\/wp-json\/wp\/v2\/types\/post"}],"author":[{"embeddable":true,"href":"http:\/\/desarrollo.grupomedios.com\/futbol\/wp-json\/wp\/v2\/users\/20"}],"replies":[{"embeddable":true,"href":"http:\/\/desarrollo.grupomedios.com\/futbol\/wp-json\/wp\/v2\/comments?post=462583"}],"version-history":[{"count":0,"href":"http:\/\/desarrollo.grupomedios.com\/futbol\/wp-json\/wp\/v2\/posts\/462583\/revisions"}],"wp:featuredmedia":[{"embeddable":true,"href":"http:\/\/desarrollo.grupomedios.com\/futbol\/wp-json\/wp\/v2\/media\/449930"}],"wp:attachment":[{"href":"http:\/\/desarrollo.grupomedios.com\/futbol\/wp-json\/wp\/v2\/media?parent=462583"}],"wp:term":[{"taxonomy":"category","embeddable":true,"href":"http:\/\/desarrollo.grupomedios.com\/futbol\/wp-json\/wp\/v2\/categories?post=462583"},{"taxonomy":"post_tag","embeddable":true,"href":"http:\/\/desarrollo.grupomedios.com\/futbol\/wp-json\/wp\/v2\/tags?post=462583"}],"curies":[{"name":"wp","href":"https:\/\/api.w.org\/{rel}","templated":true}]}}