{"id":462621,"date":"2017-02-21T13:30:43","date_gmt":"2017-02-21T19:30:43","guid":{"rendered":"https:\/\/www.futboltotal.com.mx\/?p=462621"},"modified":"2017-02-21T15:49:32","modified_gmt":"2017-02-21T21:49:32","slug":"en-vivo-bayer-leverkusen-vs-atletico-madrid-champions-league","status":"publish","type":"post","link":"http:\/\/desarrollo.grupomedios.com\/futbol\/futbol-internacional\/en-vivo-bayer-leverkusen-vs-atletico-madrid-champions-league\/2017\/02","title":{"rendered":"AS\u00cd SE VIVI\u00d3 | Leverkusen 2-4 Atl\u00e9tico | Champions League"},"content":{"rendered":"<p><span style=\"color: #ff0000;\">90:00<\/span>\u00a0| El Leverkusen y Chicharito caen en la Ida de los Octavos de Final y pr\u00e1cticamente est\u00e1n eliminados. Chicharito fue titular y no pudo anotar. Ahora solo les queda ir al Vicente Calcer\u00f3n a buscar la remontada.<\/p>\n<p><span style=\"color: #ff0000;\">90:00<\/span>\u00a0| \u00a1Se acab\u00f3 el partido!<\/p>\n<p><span style=\"color: #ff0000;\">90:00<\/span>\u00a0| \u00a1Atl\u00e9tico perdona! Leno evita el quinto gol con una buena atajada a primer poste.<\/p>\n<p><span style=\"color: #ff0000;\">87:00<\/span>\u00a0| El <em>Ni\u00f1o<\/em> Torres liquida el partido tras un tiro de esquina por derecha en el que tuvo total libertad para rematar entre los centrales y poner el cuarto gol.<\/p>\n<p><span style=\"color: #ff0000;\">86:00<\/span>\u00a0| \u00a1Goooooooooooooooooool del Atl\u00e9tico de Madrid!<\/p>\n<p><span style=\"color: #ff0000;\">83:00<\/span>\u00a0| Otra vez Filipe evita el gol de <em>CH7.<\/em> Meti\u00f3 la pierna justo cuando el mexicano control\u00f3 el bal\u00f3n en el \u00e1rea chica y dispar\u00f3.<\/p>\n<p><span style=\"color: #ff0000;\">81:00<\/span>\u00a0| \u00a1Casi anota Chicharito! El mexicano remat\u00f3 una servicio de Brandt dentro del \u00e1rea y Filipe evit\u00f3 que el bal\u00f3n entrara.<\/p>\n<p><span style=\"color: #ff0000;\">77:00<\/span>\u00a0| Segundo CAMBIO del Atl\u00e9tico: se va Carrasco e ingresa Fernando Torres.<\/p>\n<p><span style=\"color: #ff0000;\">75:00<\/span>\u00a0| El Atl\u00e9tico ya est\u00e1 amarrado defendiendo la ventaja y solo queda Griezmann en punta. Leverkusen ahora tiene la pelota y busca el tanto del empate con Chicharito como eje de ataque.<\/p>\n<p><span style=\"color: #ff0000;\">71:00<\/span>\u00a0| Primer CAMBIO del Atl\u00e9tico de Madrid: se va Gameiro e ingresa Thomas.<\/p>\n<p><span style=\"color: #ff0000;\">68:00<\/span>\u00a0| Brandt lleg\u00f3 a linea de fondo por la izquierda y meti\u00f3 un centro buscando a Chicharito; el bal\u00f3n lo cort\u00f3 Moy\u00e1 y acab\u00f3 en el fondo al estrellarse en Savic.<\/p>\n<p><span style=\"color: #ff0000;\">67:00<\/span>\u00a0| \u00a1Goooooooooooooooooool del Leverkusen!<\/p>\n<p><span style=\"color: #ff0000;\">65:00<\/span>\u00a0| Segundo CAMBIO del Leverkusen: se va Bellarabi e ingresa Phjanpalo.<\/p>\n<p><span style=\"color: #ff0000;\">59:00<\/span>\u00a0| Gameiro no perdona y bate a Leno con un potente disparo por el centro.<\/p>\n<p><span style=\"color: #ff0000;\">59:00<\/span>\u00a0| \u00a1Goooooooooooooooooool del Atletico de Madrid!<\/p>\n<p><span style=\"color: #ff0000;\">57:00<\/span>\u00a0| \u00a1Penal para el Atl\u00e9tico de Madrid! Dragovic comete falta sobre Gameiro&#8230; \u00a1pero fuera del \u00e1rea! Penal inexistente. Y adem\u00e1s lo \u00a0amonestan.<\/p>\n<p><span style=\"color: #ff0000;\">56:00<\/span>\u00a0| Primer CAMBIO del Leverkusen: Volland entra y Havertz sale.<\/p>\n<p><span style=\"color: #ff0000;\">54:00<\/span>\u00a0| \u00a1Otra vez el Atl\u00e9tico! Griezmann se resbala dentro del \u00e1rea y no puede capitalizar un pase de Gammeiro a segunda poste.<\/p>\n<p><span style=\"color: #ff0000;\">52:00<\/span>\u00a0| \u00a1Gameiro revienta el travesa\u00f1o! El Atl\u00e9tico agarr\u00f3 mal parado al Bayer y el franc\u00e9s sac\u00f3 un ca\u00f1onazo dentro del \u00e1rea.<\/p>\n<p><span style=\"color: #ff0000;\">48:00<\/span>\u00a0| Kampl y Henrich armaron una buena jugada y este \u00faltimo puso un centro raso por derecha que defini\u00f3 Bellarabi de primera.<\/p>\n<p><a href=\"https:\/\/www.futboltotal.com.mx\/wp-content\/uploads\/2017\/02\/Atletico-1.jpg\"><img decoding=\"async\" loading=\"lazy\" class=\"alignnone size-full wp-image-462807\" src=\"https:\/\/www.futboltotal.com.mx\/wp-content\/uploads\/2017\/02\/Atletico-1.jpg\" alt=\"AS\u00cd SE VIVI\u00d3 | Leverkusen 2-4 Atl\u00e9tico | Champions League 0\" srcset=\"http:\/\/desarrollo.grupomedios.com\/futbol\/wp-content\/uploads\/2017\/02\/Atletico-1.jpg 1136w, http:\/\/desarrollo.grupomedios.com\/futbol\/wp-content\/uploads\/2017\/02\/Atletico-1-300x169.jpg 300w, http:\/\/desarrollo.grupomedios.com\/futbol\/wp-content\/uploads\/2017\/02\/Atletico-1-768x432.jpg 768w, http:\/\/desarrollo.grupomedios.com\/futbol\/wp-content\/uploads\/2017\/02\/Atletico-1-1024x576.jpg 1024w, http:\/\/desarrollo.grupomedios.com\/futbol\/wp-content\/uploads\/2017\/02\/Atletico-1-317x178.jpg 317w, http:\/\/desarrollo.grupomedios.com\/futbol\/wp-content\/uploads\/2017\/02\/Atletico-1-535x301.jpg 535w, http:\/\/desarrollo.grupomedios.com\/futbol\/wp-content\/uploads\/2017\/02\/Atletico-1-374x210.jpg 374w\" sizes=\"(max-width: 1136px) 100vw, 1136px\" \/><\/a><\/p>\n<p><span style=\"color: #ff0000;\">48:00<\/span>\u00a0| \u00a1Goooooooooooooooooool del Leverkusen!<\/p>\n<p><span style=\"color: #ff0000;\">46:00<\/span>\u00a0| \u00a1Inicia la parte complementaria! Mueve el Atl\u00e9tico&#8230;<\/p>\n<p><span style=\"color: #ff0000;\">45:00<\/span>\u00a0| \u00a1Termina el primer tiempo! Atl\u00e9tico tiene ventaja con dos goles, obra de Sa\u00fal y Griezmann.<\/p>\n<p><span style=\"color: #ff0000;\">42:00<\/span>\u00a0| Chicharito se queda tendido en el campo tras chocar con el lateral Vrsaljko&#8230;. se recupera el mexicano y sigue el partido.<\/p>\n<p><span style=\"color: #ff0000;\">38:00<\/span>\u00a0| El Atl\u00e9tico cierra perfecto los espacios en mediocampo con dos lineas de cuatro y complica el avance del Leverkusen; Chicharito no ha podido recibir un bal\u00f3n dentro del \u00e1rea.<\/p>\n<p><a href=\"https:\/\/www.futboltotal.com.mx\/wp-content\/uploads\/2017\/02\/Chicharito-4.jpg\"><img decoding=\"async\" loading=\"lazy\" class=\"alignnone size-full wp-image-462769\" src=\"https:\/\/www.futboltotal.com.mx\/wp-content\/uploads\/2017\/02\/Chicharito-4.jpg\" alt=\"AS\u00cd SE VIVI\u00d3 | Leverkusen 2-4 Atl\u00e9tico | Champions League 1\" srcset=\"http:\/\/desarrollo.grupomedios.com\/futbol\/wp-content\/uploads\/2017\/02\/Chicharito-4.jpg 1136w, http:\/\/desarrollo.grupomedios.com\/futbol\/wp-content\/uploads\/2017\/02\/Chicharito-4-300x169.jpg 300w, http:\/\/desarrollo.grupomedios.com\/futbol\/wp-content\/uploads\/2017\/02\/Chicharito-4-768x432.jpg 768w, http:\/\/desarrollo.grupomedios.com\/futbol\/wp-content\/uploads\/2017\/02\/Chicharito-4-1024x576.jpg 1024w, http:\/\/desarrollo.grupomedios.com\/futbol\/wp-content\/uploads\/2017\/02\/Chicharito-4-317x178.jpg 317w, http:\/\/desarrollo.grupomedios.com\/futbol\/wp-content\/uploads\/2017\/02\/Chicharito-4-535x301.jpg 535w, http:\/\/desarrollo.grupomedios.com\/futbol\/wp-content\/uploads\/2017\/02\/Chicharito-4-374x210.jpg 374w\" sizes=\"(max-width: 1136px) 100vw, 1136px\" \/><\/a><\/p>\n<p><span style=\"color: #ff0000;\">33:00<\/span>\u00a0| \u00a1Perdona Griezmann! La hizo Sa\u00fal de nuevo y le pone un pase a Gammeiro; Girezmann fall\u00f3 en el remate ante Leno.<\/p>\n<p><span style=\"color: #ff0000;\">28:00<\/span>\u00a0| \u00a1Cerca el Bayer del gol del descuento! Zapatazo de Kampl que manda Moy\u00e1 a c\u00f3rner.<\/p>\n<p><span style=\"color: #ff0000;\">25:00<\/span>\u00a0| El Atl\u00e9tico mat\u00f3 al Leverkusen en un contragolpe tras una perdida de bal\u00f3n de Dragovic en el mediocampo. Gameiro lleg\u00f3 hasta el\u00a0\u00e1rea y le puso medio gol a Griezmann.<\/p>\n<blockquote class=\"twitter-video\" data-lang=\"es\">\n<p dir=\"ltr\" lang=\"de\">L&#8217;Atletico Madrid d&#8217;Antoine Griezmann fait le break face au Bayern Leverkusen \u26bd\ufe0f\u26bd\ufe0f\u26bd\ufe0f <a href=\"https:\/\/twitter.com\/hashtag\/Athletico?src=hash\">#Athletico<\/a> <a href=\"https:\/\/twitter.com\/hashtag\/BAYATL?src=hash\">#BAYATL<\/a> <a href=\"https:\/\/twitter.com\/hashtag\/ChampionsLeague?src=hash\">#ChampionsLeague<\/a> <a href=\"https:\/\/t.co\/bpW0GKTJfy\">pic.twitter.com\/bpW0GKTJfy<\/a><\/p>\n<p>\u2014 Matias Borquez-Pratx (@borquezpratx) <a href=\"https:\/\/twitter.com\/borquezpratx\/status\/834137221456330752\">21 de febrero de 2017<\/a><\/p><\/blockquote>\n<p><script async src=\"\/\/platform.twitter.com\/widgets.js\" charset=\"utf-8\"><\/script><\/p>\n<p><span style=\"color: #ff0000;\">25:00<\/span>\u00a0| \u00a1Gooooooooooooooooooooooool del Atl\u00e9tico!<\/p>\n<p><span style=\"color: #ff0000;\">20:00<\/span>\u00a0| Disparo de Chicharito fuera del \u00e1rea que controla Moy\u00e1 sin complicaciones.<\/p>\n<p><span style=\"color: #ff0000;\">18:00<\/span>\u00a0| Gran jugada de Sa\u00fal \u00d1\u00edguez por la banda derecha; rompe la cintura de un rival y despu\u00e9s dispara fuera del \u00e1rea y clava la pelota en el \u00e1ngulo.<\/p>\n<blockquote class=\"twitter-video\" data-lang=\"es\">\n<p dir=\"ltr\" lang=\"es\">\u00a1Golazo de Sa\u00fal \u00d1\u00edguez para poner al Atl\u00e9tico de Madrid arriba en el marcador!<\/p>\n<p>DON GOL <a href=\"https:\/\/t.co\/22AKO7sMBZ\">pic.twitter.com\/22AKO7sMBZ<\/a><\/p>\n<p>\u2014 Toque Al Toque (@TATVideos_) <a href=\"https:\/\/twitter.com\/TATVideos_\/status\/834134163754188800\">21 de febrero de 2017<\/a><\/p><\/blockquote>\n<p><script async src=\"\/\/platform.twitter.com\/widgets.js\" charset=\"utf-8\"><\/script><\/p>\n<p><span style=\"color: #ff0000;\">18:00<\/span>\u00a0| \u00a1Gooooooooooooooooool del Atl\u00e9tico!<\/p>\n<blockquote class=\"twitter-tweet\" data-lang=\"es\">\n<p dir=\"ltr\" lang=\"es\">17&#8242; | 0-1 | \u26bd\ufe0f\u00a1GOLAAAAAZO de <a href=\"https:\/\/twitter.com\/saulniguez\">@saulniguez<\/a>! \u00a1La meti\u00f3 por toda la ESCUADRA CON UN ZURDAZO!<a href=\"https:\/\/twitter.com\/hashtag\/UCL?src=hash\">#UCL<\/a> <a href=\"https:\/\/twitter.com\/hashtag\/A%C3%BApaAtleti?src=hash\">#A\u00fapaAtleti<\/a> <a href=\"https:\/\/twitter.com\/hashtag\/B04Atleti?src=hash\">#B04Atleti<\/a> <a href=\"https:\/\/t.co\/y0I2dw0e52\">pic.twitter.com\/y0I2dw0e52<\/a><\/p>\n<p>\u2014 Atl\u00e9tico de Madrid (@Atleti) <a href=\"https:\/\/twitter.com\/Atleti\/status\/834131558369996800\">21 de febrero de 2017<\/a><\/p><\/blockquote>\n<p><script async src=\"\/\/platform.twitter.com\/widgets.js\" charset=\"utf-8\"><\/script><\/p>\n<p><span style=\"color: #ff0000;\">15:00<\/span>\u00a0| Amonestaci\u00f3n para Bejamin Henrichs por una falta sobre el lateral Filipe.<\/p>\n<p><span style=\"color: #ff0000;\">13:00<\/span>\u00a0| \u00a1Ataja Moy\u00e1! Leverkusen arma una buena contra y Kevin Kampl termina disparando dentro del \u00e1rea; el arquero evit\u00f3 el primero.<\/p>\n<p><span style=\"color: #ff0000;\">12:00<\/span>\u00a0| \u00a1Se salva el Leverkusen! Primero Leno tapa un fogonazo de Griezmann y despu\u00e9s Wendell casi marca un autogol y revienta el travesa\u00f1o.<\/p>\n<p><span style=\"color: #ff0000;\">08:00<\/span>\u00a0| \u00a1Cerca el Atl\u00e9tico de Marid! Sa\u00fal y Griezmann enchufaron y de no ser por una barrida de Aranguiz, Griezmann habr\u00eda rematado a gol.<\/p>\n<p><span style=\"color: #ff0000;\">04:00<\/span>\u00a0| Chicharito disputa hoy su partido n\u00famero 47 de Champions League y se convierte en el mexicano con m\u00e1s partidos en la historia de UCL.<\/p>\n<p><span style=\"color: #ff0000;\">02:00<\/span>\u00a0| Primera llegada del Leverkusen por la banda izquierda. Brandt jug\u00f3 de taquito para Bellarabi y este sac\u00f3 un servicio muy pasado.<\/p>\n<p><span style=\"color: #ff0000;\">00:00<\/span>\u00a0| \u00a1Arranca el partido en el Bay Arena!<\/p>\n<p>* Los jugadores saltan a la cancha para la ceremonia protocolaria. \u00a1Suena el Himno de la Champions League!<\/p>\n<p>* Solo hace dos campa\u00f1as, Atl\u00e9tico elimin\u00f3 en penales al Leverkusen en Octavos de Final. \u00bfEsta vez superar la eliminatoria? El Leverkusen cree que incluso podr\u00e1 ganar hoy.<\/p>\n<blockquote class=\"twitter-tweet\" data-lang=\"es\">\n<p dir=\"ltr\" lang=\"es\">\u00a1<a href=\"https:\/\/twitter.com\/hashtag\/BayArena?src=hash\">#BayArena<\/a> es nuestra fortaleza!<\/p>\n<p>Llevamos 10 partidos sin derrota y planeamos continuar esa racha. &#x1f64c;<a href=\"https:\/\/twitter.com\/hashtag\/B04Atleti?src=hash\">#B04Atleti<\/a> <a href=\"https:\/\/twitter.com\/hashtag\/nextLEVel?src=hash\">#nextLEVel<\/a> <a href=\"https:\/\/t.co\/FF6V9FuuGc\">pic.twitter.com\/FF6V9FuuGc<\/a><\/p>\n<p>\u2014 Bayer 04 Leverkusen (@bayer04_es) <a href=\"https:\/\/twitter.com\/bayer04_es\/status\/834118886568161281\">21 de febrero de 2017<\/a><\/p><\/blockquote>\n<p><script async src=\"\/\/platform.twitter.com\/widgets.js\" charset=\"utf-8\"><\/script><\/p>\n<p>* Los jugadores del Atl\u00e9tico ya calientan en la cancha del Bay Arena.<\/p>\n<blockquote class=\"twitter-tweet\" data-lang=\"es\">\n<p dir=\"ltr\" lang=\"es\">&#x1f51b; \u00a1Calentamiento en marcha!<br \/>\n\u00a1Vamos, equipo! &#x1f4aa; <a href=\"https:\/\/twitter.com\/hashtag\/UCL?src=hash\">#UCL<\/a> <a href=\"https:\/\/twitter.com\/hashtag\/A%C3%BApaAtleti?src=hash\">#A\u00fapaAtleti<\/a> <a href=\"https:\/\/twitter.com\/hashtag\/B04Atleti?src=hash\">#B04Atleti<\/a> <a href=\"https:\/\/t.co\/jbQfieGMgQ\">pic.twitter.com\/jbQfieGMgQ<\/a><\/p>\n<p>\u2014 Atl\u00e9tico de Madrid (@Atleti) <a href=\"https:\/\/twitter.com\/Atleti\/status\/834122239649935360\">21 de febrero de 2017<\/a><\/p><\/blockquote>\n<p><script async src=\"\/\/platform.twitter.com\/widgets.js\" charset=\"utf-8\"><\/script><\/p>\n<p>* As\u00ed luce el vestidor del Bayer Leverkusen previo al partido ante Atl\u00e9tico.<\/p>\n<p><a href=\"https:\/\/www.futboltotal.com.mx\/wp-content\/uploads\/2017\/02\/Chicha.jpg\"><img decoding=\"async\" loading=\"lazy\" class=\"alignnone size-full wp-image-462734\" src=\"https:\/\/www.futboltotal.com.mx\/wp-content\/uploads\/2017\/02\/Chicha.jpg\" alt=\"AS\u00cd SE VIVI\u00d3 | Leverkusen 2-4 Atl\u00e9tico | Champions League 2\" srcset=\"http:\/\/desarrollo.grupomedios.com\/futbol\/wp-content\/uploads\/2017\/02\/Chicha.jpg 1136w, http:\/\/desarrollo.grupomedios.com\/futbol\/wp-content\/uploads\/2017\/02\/Chicha-300x169.jpg 300w, http:\/\/desarrollo.grupomedios.com\/futbol\/wp-content\/uploads\/2017\/02\/Chicha-768x432.jpg 768w, http:\/\/desarrollo.grupomedios.com\/futbol\/wp-content\/uploads\/2017\/02\/Chicha-1024x576.jpg 1024w, http:\/\/desarrollo.grupomedios.com\/futbol\/wp-content\/uploads\/2017\/02\/Chicha-317x178.jpg 317w, http:\/\/desarrollo.grupomedios.com\/futbol\/wp-content\/uploads\/2017\/02\/Chicha-535x301.jpg 535w, http:\/\/desarrollo.grupomedios.com\/futbol\/wp-content\/uploads\/2017\/02\/Chicha-374x210.jpg 374w\" sizes=\"(max-width: 1136px) 100vw, 1136px\" \/><\/a><\/p>\n<p>* \u00a0Estos son los partidos que tendremos esta semana en Champions League.<\/p>\n<blockquote class=\"twitter-tweet\" data-lang=\"es\">\n<p dir=\"ltr\" lang=\"es\">\u00a1Estos son los partidos del martes en la UEFA Champions League! No te pierdas ning\u00fan detalle \u27a1\ufe0f <a href=\"https:\/\/t.co\/CykClRnZbC\">https:\/\/t.co\/CykClRnZbC<\/a> <a href=\"https:\/\/twitter.com\/hashtag\/UCL?src=hash\">#UCL<\/a> <a href=\"https:\/\/t.co\/yauW4TTckb\">pic.twitter.com\/yauW4TTckb<\/a><\/p>\n<p>\u2014 Liga de Campeones (@LigadeCampeones) <a href=\"https:\/\/twitter.com\/LigadeCampeones\/status\/834002920232321028\">21 de febrero de 2017<\/a><\/p><\/blockquote>\n<p><script async src=\"\/\/platform.twitter.com\/widgets.js\" charset=\"utf-8\"><\/script><\/p>\n<p>* Leverkusen dio su alineaci\u00f3n y Chicharito est\u00e1 en el once titular. El mexicano buscar\u00e1 su cuarto gol ante equipos espa\u00f1oles en la competici\u00f3n.<\/p>\n<blockquote class=\"twitter-tweet\" data-lang=\"es\">\n<p dir=\"ltr\" lang=\"de\">Unsere Startelf f\u00fcr <a href=\"https:\/\/twitter.com\/hashtag\/B04Atleti?src=hash\">#B04Atleti<\/a>!<\/p>\n<p>Twittert euren Support mit <a href=\"https:\/\/twitter.com\/hashtag\/nextLEVel?src=hash\">#nextLEVel<\/a> direkt in die <a href=\"https:\/\/twitter.com\/hashtag\/BayArena?src=hash\">#BayArena<\/a>! <a href=\"https:\/\/twitter.com\/hashtag\/St%C3%A4rkeBayer?src=hash\">#St\u00e4rkeBayer<\/a> &#x1f5a4;\u2764\ufe0f <a href=\"https:\/\/t.co\/mdowy33Tfj\">pic.twitter.com\/mdowy33Tfj<\/a><\/p>\n<p>\u2014 Bayer 04 Leverkusen (@bayer04fussball) <a href=\"https:\/\/twitter.com\/bayer04fussball\/status\/834110254573035522\">21 de febrero de 2017<\/a><\/p><\/blockquote>\n<p><script async src=\"\/\/platform.twitter.com\/widgets.js\" charset=\"utf-8\"><\/script><\/p>\n<p>* El Atl\u00e9tico de Madrid ya confirm\u00f3 la alineaci\u00f3n del partido. El portero Oblak no fue contemplado pese a que ya super\u00f3 la lesi\u00f3n que sufri\u00f3.<\/p>\n<blockquote class=\"twitter-tweet\" data-lang=\"es\">\n<p dir=\"ltr\" lang=\"es\">1\ufe0f\u20e31\ufe0f\u20e3 \u00a1Ya tenemos once! \u00a1Descubre a los elegidos por <a href=\"https:\/\/twitter.com\/Simeone\">@Simeone<\/a> para enfrentarse al <a href=\"https:\/\/twitter.com\/bayer04_es\">@Bayer04_es<\/a>! &#x1f3e7;<a href=\"https:\/\/twitter.com\/hashtag\/UCL?src=hash\">#UCL<\/a> <a href=\"https:\/\/twitter.com\/hashtag\/A%C3%BApaAtleti?src=hash\">#A\u00fapaAtleti<\/a> <a href=\"https:\/\/twitter.com\/hashtag\/B04Atleti?src=hash\">#B04Atleti<\/a> <a href=\"https:\/\/t.co\/5C0GLrUadq\">pic.twitter.com\/5C0GLrUadq<\/a><\/p>\n<p>\u2014 Atl\u00e9tico de Madrid (@Atleti) <a href=\"https:\/\/twitter.com\/Atleti\/status\/834106083748802560\">21 de febrero de 2017<\/a><\/p><\/blockquote>\n<p><script async src=\"\/\/platform.twitter.com\/widgets.js\" charset=\"utf-8\"><\/script><\/p>\n<p>* Les llevaremos todos los detalles de las acciones en el Bay Arena, donde hoy el mexicano Chicharito Hern\u00e1ndez ser\u00e1 titular.<\/p>\n<p>* \u00a1Buena tarde, cracks! Bienvenidos a la cobertura del duelo de Ida de los Octavos de Final de Champions entre Leverkusen y Atl\u00e9tico.<\/p>\n<p>Este martes se retoma la actividad en la Champions League con un par de juegos, uno de ellos es el Bayer Leverkusen vs Atl\u00e9tico de Madrid, que cuenta con el reencuentro de<strong> Javier <em>Chicharito<\/em>\u00a0Hern\u00e1ndez<\/strong> con el conjunto rojiblanco.<\/p>\n<p>El equipo de las aspirinas llega con un buen momento con dos victorias seguidas en la Bundesliga, <em>Chicharito<\/em><strong> Hern\u00e1ndez<\/strong>, la referencia ofensiva del Leverkusen, tambi\u00e9n aumenta sus n\u00fameros. Ha marcado cinco goles en sus tres \u00faltimos partidos; una respuesta contundente a los dieciocho encuentros anteriores que encaden\u00f3 sin ning\u00fan tanto.<\/p>\n<p>Ha logrado este curso doce dianas, representa la mayor amenaza ofensiva para el <strong>Atl\u00e9tico<\/strong>, al que ya elimin\u00f3 con el Real Madrid en los cuartos de final de 2014-15 con un gol definitivo en el minuto 88 en el Santiago Bernab\u00e9u; y es uno de los cambios de su equipo respecto al duelo de octavos de hace dos a\u00f1os entre ambos clubes.<\/p>\n<p>&nbsp;<\/p>\n<blockquote class=\"twitter-tweet\" data-lang=\"es\">\n<p dir=\"ltr\" lang=\"es\">\u00a1Nuestro <a href=\"https:\/\/twitter.com\/hashtag\/Bayer04?src=hash\">#Bayer04<\/a> entren\u00f3 el d\u00eda de hoy en el <a href=\"https:\/\/twitter.com\/hashtag\/BayArena?src=hash\">#BayArena<\/a>! \u26ab\ufe0f\u26bd\ufe0f&#x1f534;<a href=\"https:\/\/twitter.com\/hashtag\/B04Atleti?src=hash\">#B04Atleti<\/a> <a href=\"https:\/\/twitter.com\/hashtag\/NextLEVel?src=hash\">#NextLEVel<\/a> <a href=\"https:\/\/t.co\/skZmppE2LX\">pic.twitter.com\/skZmppE2LX<\/a><\/p>\n<p>\u2014 Bayer 04 Leverkusen (@bayer04_es) <a href=\"https:\/\/twitter.com\/bayer04_es\/status\/833733576604647425\">20 de febrero de 2017<\/a><\/p><\/blockquote>\n<p><script async src=\"\/\/platform.twitter.com\/widgets.js\" charset=\"utf-8\"><\/script><\/p>\n<p><strong>Atl\u00e9tico<\/strong> se desplaza en un buen momento, reactivado y reconfortado en 2017. En sus catorce partidos de este a\u00f1o, ha sumado ocho victorias, cuatro empates y dos derrotas, pero, sobre todo, ha recompuesto su figura, su nivel y su regularidad.<\/p>\n<p>&nbsp;<\/p>\n<blockquote class=\"twitter-tweet\" data-lang=\"es\">\n<p dir=\"ltr\" lang=\"es\">FOTOGALER\u00cdA &#x1f4f8;<br \/>\n\u00a1Listos para los octavos de la <a href=\"https:\/\/twitter.com\/LigadeCampeones\">@LigadeCampeones<\/a>! \u26bd\ufe0f\u2b50\ufe0f<br \/>\n\u27a1\ufe0f <a href=\"https:\/\/t.co\/Lpfsu1Eq7d\">https:\/\/t.co\/Lpfsu1Eq7d<\/a> <a href=\"https:\/\/twitter.com\/hashtag\/A%C3%BApaAtleti?src=hash\">#A\u00fapaAtleti<\/a> <a href=\"https:\/\/twitter.com\/hashtag\/B04Atleti?src=hash\">#B04Atleti<\/a> <a href=\"https:\/\/twitter.com\/hashtag\/UCL?src=hash\">#UCL<\/a> <a href=\"https:\/\/t.co\/zv6nuU7uDS\">pic.twitter.com\/zv6nuU7uDS<\/a><\/p>\n<p>\u2014 Atl\u00e9tico de Madrid (@Atleti) <a href=\"https:\/\/twitter.com\/Atleti\/status\/833763811379257344\">20 de febrero de 2017<\/a><\/p><\/blockquote>\n<p><script async src=\"\/\/platform.twitter.com\/widgets.js\" charset=\"utf-8\"><\/script><\/p>\n","protected":false},"excerpt":{"rendered":"<p>Las Aspirinas caen en la Ida de los Octavos de Final; Chicharito no pudo marcar<\/p>\n","protected":false},"author":20,"featured_media":462777,"comment_status":"closed","ping_status":"closed","sticky":false,"template":"","format":"standard","meta":[],"categories":[3841,3839],"tags":[6007,4335,36],"_links":{"self":[{"href":"http:\/\/desarrollo.grupomedios.com\/futbol\/wp-json\/wp\/v2\/posts\/462621"}],"collection":[{"href":"http:\/\/desarrollo.grupomedios.com\/futbol\/wp-json\/wp\/v2\/posts"}],"about":[{"href":"http:\/\/desarrollo.grupomedios.com\/futbol\/wp-json\/wp\/v2\/types\/post"}],"author":[{"embeddable":true,"href":"http:\/\/desarrollo.grupomedios.com\/futbol\/wp-json\/wp\/v2\/users\/20"}],"replies":[{"embeddable":true,"href":"http:\/\/desarrollo.grupomedios.com\/futbol\/wp-json\/wp\/v2\/comments?post=462621"}],"version-history":[{"count":0,"href":"http:\/\/desarrollo.grupomedios.com\/futbol\/wp-json\/wp\/v2\/posts\/462621\/revisions"}],"wp:featuredmedia":[{"embeddable":true,"href":"http:\/\/desarrollo.grupomedios.com\/futbol\/wp-json\/wp\/v2\/media\/462777"}],"wp:attachment":[{"href":"http:\/\/desarrollo.grupomedios.com\/futbol\/wp-json\/wp\/v2\/media?parent=462621"}],"wp:term":[{"taxonomy":"category","embeddable":true,"href":"http:\/\/desarrollo.grupomedios.com\/futbol\/wp-json\/wp\/v2\/categories?post=462621"},{"taxonomy":"post_tag","embeddable":true,"href":"http:\/\/desarrollo.grupomedios.com\/futbol\/wp-json\/wp\/v2\/tags?post=462621"}],"curies":[{"name":"wp","href":"https:\/\/api.w.org\/{rel}","templated":true}]}}