{"id":462708,"date":"2017-02-21T12:49:03","date_gmt":"2017-02-21T18:49:03","guid":{"rendered":"https:\/\/www.futboltotal.com.mx\/?p=462708"},"modified":"2017-02-21T12:52:39","modified_gmt":"2017-02-21T18:52:39","slug":"marco-fabian-toma-relevo-chicharito-novia-espanola","status":"publish","type":"post","link":"http:\/\/desarrollo.grupomedios.com\/futbol\/futbol-internacional\/marco-fabian-toma-relevo-chicharito-novia-espanola\/2017\/02","title":{"rendered":"Marco Fabi\u00e1n toma &#8216;relevo&#8217; de Chicharito y tiene novia espa\u00f1ola"},"content":{"rendered":"<p>Pese a que \u00faltimamente las lesiones no han tratado muy bien al mexicano <strong>Marco Fabi\u00e1n<\/strong>, parece que en cuestiones rom\u00e1nticas el jugador del <strong>Eintracht Frankfurt<\/strong> corre con mejor suerte, al grado de seguir los pasos que hasta hace poco daba su compatriota <strong>Javier Hern\u00e1ndez<\/strong>.<\/p>\n<p>Diversas publicaciones mexicanas han revelado que <em>Marquito<\/em> se encuentra en una relaci\u00f3n con la periodista espa\u00f1ola <strong>Andrea S\u00e1nchez<\/strong>, quien trabaja para el canal Deportes Cuatro y con quien el mediocampista ya lleva tres\u00a0meses de relaci\u00f3n.<\/p>\n<p><a href=\"https:\/\/www.futboltotal.com.mx\/2017\/02\/lucia-villalon-habla-ruptura-chicharito\/\">VER M\u00c1S: LUC\u00cdA VILLAL\u00d3N HABLA DE SU RUPTURA CON CHICHARITO<\/a><\/p>\n<p>&nbsp;<\/p>\n<blockquote class=\"instagram-media\" style=\"background: #FFF; border: 0; border-radius: 3px; box-shadow: 0 0 1px 0 rgba(0,0,0,0.5),0 1px 10px 0 rgba(0,0,0,0.15); margin: 1px; max-width: 658px; padding: 0; width: calc(100% - 2px);\" data-instgrm-captioned=\"\" data-instgrm-version=\"7\">\n<div style=\"padding: 8px;\">\n<div style=\"background: #F8F8F8; line-height: 0; margin-top: 40px; padding: 57.03703703703704% 0; text-align: center; width: 100%;\"><\/div>\n<p style=\"margin: 8px 0 0 0; padding: 0 4px;\"><a style=\"color: #000; font-family: Arial,sans-serif; font-size: 14px; font-style: normal; font-weight: normal; line-height: 17px; text-decoration: none; word-wrap: break-word;\" href=\"https:\/\/www.instagram.com\/p\/BOZmq_XApDO\/\" target=\"_blank\">&#x1f428;\u2764\ufe0f #feliznavidad #gracias #marmo #29 #tamojunto #siempreconel10 #solo53m\u00e1s #M&amp;A<\/a><\/p>\n<p style=\"color: #c9c8cd; font-family: Arial,sans-serif; font-size: 14px; line-height: 17px; margin-bottom: 0; margin-top: 8px; overflow: hidden; padding: 8px 0 7px; text-align: center; text-overflow: ellipsis; white-space: nowrap;\">A post shared by Andrea S\u00e1nchez Fuentes (@andresanchez_f) on <time style=\"font-family: Arial,sans-serif; font-size: 14px; line-height: 17px;\" datetime=\"2016-12-24T12:34:42+00:00\">Dec 24, 2016 at 4:34am PST<\/time><\/p>\n<\/div>\n<\/blockquote>\n<p><script async defer src=\"\/\/platform.instagram.com\/en_US\/embeds.js\"><\/script><\/p>\n<p>Fabi\u00e1n estar\u00eda tan enamorado de la ib\u00e9rica que incluso se habla de planes de boda, lo cual sorprende porque hace no mucho el azteca sosten\u00eda una relaci\u00f3n con la alemana Janina Neoral, con quien realiz\u00f3 un viaje a tierras mexicanas.<\/p>\n<p>&nbsp;<\/p>\n<blockquote class=\"instagram-media\" style=\"background: #FFF; border: 0; border-radius: 3px; box-shadow: 0 0 1px 0 rgba(0,0,0,0.5),0 1px 10px 0 rgba(0,0,0,0.15); margin: 1px; max-width: 658px; padding: 0; width: calc(100% - 2px);\" data-instgrm-captioned=\"\" data-instgrm-version=\"7\">\n<div style=\"padding: 8px;\">\n<div style=\"background: #F8F8F8; line-height: 0; margin-top: 40px; padding: 40.18518518518518% 0; text-align: center; width: 100%;\"><\/div>\n<p style=\"margin: 8px 0 0 0; padding: 0 4px;\"><a style=\"color: #000; font-family: Arial,sans-serif; font-size: 14px; font-style: normal; font-weight: normal; line-height: 17px; text-decoration: none; word-wrap: break-word;\" href=\"https:\/\/www.instagram.com\/p\/BN6xty-AbEN\/\" target=\"_blank\">Eres esa suerte de la que todo el mundo habla.. &#x1f340; #29 #marmo #tilla #koala #ping\u00fci #tamojunto #siempreconel10 #gracias #M&amp;A<\/a><\/p>\n<p style=\"color: #c9c8cd; font-family: Arial,sans-serif; font-size: 14px; line-height: 17px; margin-bottom: 0; margin-top: 8px; overflow: hidden; padding: 8px 0 7px; text-align: center; text-overflow: ellipsis; white-space: nowrap;\">A post shared by Andrea S\u00e1nchez Fuentes (@andresanchez_f) on <time style=\"font-family: Arial,sans-serif; font-size: 14px; line-height: 17px;\" datetime=\"2016-12-12T13:14:44+00:00\">Dec 12, 2016 at 5:14am PST<\/time><\/p>\n<\/div>\n<\/blockquote>\n<p><script async defer src=\"\/\/platform.instagram.com\/en_US\/embeds.js\"><\/script><\/p>\n<p>La pareja\u00a0suele intercambiar mensajes en redes sociales y Andrea ya ha publicado diversas fotograf\u00edas en las que aparece junto a Marco muy felices.<\/p>\n<blockquote class=\"twitter-tweet\" data-lang=\"es\">\n<p dir=\"ltr\" lang=\"und\"><a href=\"https:\/\/twitter.com\/MarcoFabian_10\">@MarcoFabian_10<\/a> <a href=\"https:\/\/twitter.com\/hashtag\/tamojunto?src=hash\">#tamojunto<\/a> &#x1f428;\u2764\ufe0f<\/p>\n<p>\u2014 Andrea S\u00e1nchez (@AndreSanchez_F) <a href=\"https:\/\/twitter.com\/AndreSanchez_F\/status\/822767769229860864\">21 de enero de 2017<\/a><\/p><\/blockquote>\n<p><script async src=\"\/\/platform.twitter.com\/widgets.js\" charset=\"utf-8\"><\/script><\/p>\n<p>Esta relaci\u00f3n sentimental de Marco Fabi\u00e1n recuerda al romance que hasta hace semanas\u00a0exist\u00eda entre <strong>Chicharito<\/strong> Hern\u00e1ndez y la espa\u00f1ola Luc\u00eda Villal\u00f3n,\u00a0quienes tambi\u00e9n <a href=\"https:\/\/www.futboltotal.com.mx\/2016\/10\/chicharito-llegara-al-altar-lucia-villalon\/\">ten\u00edan planes de boda<\/a> pero finalmente <a href=\"https:\/\/www.futboltotal.com.mx\/2017\/01\/chicharito-rompe-lucia-villalon\/\">decidieron separarse<\/a> y actualmente el delantero del Bayer Leverkusen <a href=\"https:\/\/www.futboltotal.com.mx\/2017\/02\/chicharito-hernandez-tiene-nueva-novia-camila-sodi-ex-diego-luna\/\">ha empezado a salir con la actriz mexicana Camila Sodi<\/a>.<\/p>\n<p class=\"p1\"><span class=\"s1\"><b>S\u00edguenos en Twitter<\/b>:\u00a0<a href=\"https:\/\/twitter.com\/MXFutbolTotal\"><span class=\"s2\">@MXFutbolTotal<\/span><\/a><\/span><\/p>\n","protected":false},"excerpt":{"rendered":"<p>Marquito se encuentra en una relaci\u00f3n con la periodista espa\u00f1ola Andrea S\u00e1nchez.<\/p>\n","protected":false},"author":20,"featured_media":436768,"comment_status":"closed","ping_status":"closed","sticky":false,"template":"","format":"standard","meta":[],"categories":[5419,3839,6822,6718],"tags":[119,3588,8267,131],"_links":{"self":[{"href":"http:\/\/desarrollo.grupomedios.com\/futbol\/wp-json\/wp\/v2\/posts\/462708"}],"collection":[{"href":"http:\/\/desarrollo.grupomedios.com\/futbol\/wp-json\/wp\/v2\/posts"}],"about":[{"href":"http:\/\/desarrollo.grupomedios.com\/futbol\/wp-json\/wp\/v2\/types\/post"}],"author":[{"embeddable":true,"href":"http:\/\/desarrollo.grupomedios.com\/futbol\/wp-json\/wp\/v2\/users\/20"}],"replies":[{"embeddable":true,"href":"http:\/\/desarrollo.grupomedios.com\/futbol\/wp-json\/wp\/v2\/comments?post=462708"}],"version-history":[{"count":0,"href":"http:\/\/desarrollo.grupomedios.com\/futbol\/wp-json\/wp\/v2\/posts\/462708\/revisions"}],"wp:featuredmedia":[{"embeddable":true,"href":"http:\/\/desarrollo.grupomedios.com\/futbol\/wp-json\/wp\/v2\/media\/436768"}],"wp:attachment":[{"href":"http:\/\/desarrollo.grupomedios.com\/futbol\/wp-json\/wp\/v2\/media?parent=462708"}],"wp:term":[{"taxonomy":"category","embeddable":true,"href":"http:\/\/desarrollo.grupomedios.com\/futbol\/wp-json\/wp\/v2\/categories?post=462708"},{"taxonomy":"post_tag","embeddable":true,"href":"http:\/\/desarrollo.grupomedios.com\/futbol\/wp-json\/wp\/v2\/tags?post=462708"}],"curies":[{"name":"wp","href":"https:\/\/api.w.org\/{rel}","templated":true}]}}