{"id":462721,"date":"2017-02-21T13:10:15","date_gmt":"2017-02-21T19:10:15","guid":{"rendered":"https:\/\/www.futboltotal.com.mx\/?p=462721"},"modified":"2017-02-21T13:10:15","modified_gmt":"2017-02-21T19:10:15","slug":"sampaoli-pospone-renovacion-sevilla-piensa-barca","status":"publish","type":"post","link":"http:\/\/desarrollo.grupomedios.com\/futbol\/futbol-internacional\/sampaoli-pospone-renovacion-sevilla-piensa-barca\/2017\/02","title":{"rendered":"Sampaoli pospone su renovaci\u00f3n con Sevilla \u00bfpiensa el el Bar\u00e7a?"},"content":{"rendered":"<p>El entrenador del Sevilla, Jorge Sampaoli, afirm\u00f3 este martes que \u00e9l y sus ayudantes valoran &#8220;mucho&#8221; y les &#8220;halaga&#8221; la oferta del club de ampliar su contrato un a\u00f1o, hasta junio de 2019, pero prefiere centrarse &#8220;en el presente&#8221; porque s\u00f3lo piensa en que su &#8220;sost\u00e9n profesional tiene que ver con ganar&#8221;.<\/p>\n<blockquote class=\"twitter-tweet\" data-width=\"500\">\n<p lang=\"es\" dir=\"ltr\">RUEDA DE PRENSA l Sampaoli: &quot;Ma\u00f1ana es la \u00fanica oportunidad que tenemos&quot;  <a href=\"https:\/\/twitter.com\/hashtag\/UCL?src=hash\">#UCL<\/a> <a href=\"https:\/\/twitter.com\/hashtag\/SFCLEI?src=hash\">#SFCLEI<\/a><\/p>\n<p>\u27a1 <a href=\"https:\/\/t.co\/ujOFS4fbFb\">https:\/\/t.co\/ujOFS4fbFb<\/a> <a href=\"https:\/\/t.co\/Pagu1JxQNP\">pic.twitter.com\/Pagu1JxQNP<\/a><\/p>\n<p>&mdash; Sevilla F\u00fatbol Club (@SevillaFC) <a href=\"https:\/\/twitter.com\/SevillaFC\/status\/834042216024776704\">February 21, 2017<\/a><\/p><\/blockquote>\n<p><script async src=\"\/\/platform.twitter.com\/widgets.js\" charset=\"utf-8\"><\/script><\/p>\n<p>En la rueda de prensa previa al partido de la Liga de Campeones de este mi\u00e9rcoles contra el Leicester ingl\u00e9s, el argentino deslig\u00f3 adem\u00e1s esta posici\u00f3n del hipot\u00e9tico inter\u00e9s del Barcelona en \u00e9l, en el supuesto de que no contin\u00fae Luis Enrique Mart\u00ednez, al calificarlo como &#8220;suposiciones&#8221; y asegurar que &#8220;todo son conjeturas&#8221;.<\/p>\n<blockquote><p>&#8220;No tiene nada que ver. Son todo conjeturas. Si pienso que un club puede contratarme, va tener ver con mi presente y no con esta suposici\u00f3n que puede estar vinculada a alg\u00fan comentario medi\u00e1tico. Las posibilidades son reales cuando se concretan&#8221;, indic\u00f3 Sampaoli.<\/p><\/blockquote>\n<p>Al respecto, el santafesino ilustr\u00f3 su postura al subrayar que &#8220;ma\u00f1ana el Bar\u00e7a le da la vuelta a la llave u otro club se recompone, o los momentos de felicidad se agotan en el Sevilla&#8221;.<\/p>\n<p style=\"text-align: center;\"><span style=\"color: #3366ff;\"><a style=\"color: #3366ff;\" href=\"https:\/\/www.futboltotal.com.mx\/2017\/02\/la-cima-a-la-sima-america-leon-necaxa\/\">LEER M\u00c1S: De la cima a la sima: Am\u00e9rica, Le\u00f3n y Necaxa<\/a><\/span><\/p>\n<p>&#8220;Esto es un tema de momentos. Ahora s\u00f3lo pienso en que mi sosten profesional tiene que ver con ganar, y estar ac\u00e1, en un lugar que tiene que ver con eso, aqu\u00ed o donde est\u00e9&#8221;, argument\u00f3.<\/p>\n<p>El exseleccionador chileno valor\u00f3 que, &#8220;de manera verbal, haya habido un inter\u00e9s&#8221; del Sevilla por &#8220;alargar el contrato&#8221; y se mostr\u00f3 &#8220;muy contento&#8221; de que &#8220;en un corto periodo de tiempo&#8221;, desde su llegada el pasado verano, \u00e9ste sea el &#8220;nivel de valoraci\u00f3n&#8221; por parte del club, lo que &#8220;hoy por hoy&#8221; les hace &#8220;felices&#8221;.<\/p>\n<p>Asegur\u00f3 que es algo que les &#8220;halaga, pero en este momento lo \u00fanico&#8221; que les &#8220;apetece es vivir el presente&#8221;.<\/p>\n","protected":false},"excerpt":{"rendered":"<p>El argentino podr\u00eda terminar en el conjunto cul\u00e9 para la pr\u00f3xima temporada.<\/p>\n","protected":false},"author":144,"featured_media":462722,"comment_status":"closed","ping_status":"closed","sticky":false,"template":"","format":"standard","meta":[],"categories":[3839],"tags":[5984,49],"_links":{"self":[{"href":"http:\/\/desarrollo.grupomedios.com\/futbol\/wp-json\/wp\/v2\/posts\/462721"}],"collection":[{"href":"http:\/\/desarrollo.grupomedios.com\/futbol\/wp-json\/wp\/v2\/posts"}],"about":[{"href":"http:\/\/desarrollo.grupomedios.com\/futbol\/wp-json\/wp\/v2\/types\/post"}],"author":[{"embeddable":true,"href":"http:\/\/desarrollo.grupomedios.com\/futbol\/wp-json\/wp\/v2\/users\/144"}],"replies":[{"embeddable":true,"href":"http:\/\/desarrollo.grupomedios.com\/futbol\/wp-json\/wp\/v2\/comments?post=462721"}],"version-history":[{"count":0,"href":"http:\/\/desarrollo.grupomedios.com\/futbol\/wp-json\/wp\/v2\/posts\/462721\/revisions"}],"wp:featuredmedia":[{"embeddable":true,"href":"http:\/\/desarrollo.grupomedios.com\/futbol\/wp-json\/wp\/v2\/media\/462722"}],"wp:attachment":[{"href":"http:\/\/desarrollo.grupomedios.com\/futbol\/wp-json\/wp\/v2\/media?parent=462721"}],"wp:term":[{"taxonomy":"category","embeddable":true,"href":"http:\/\/desarrollo.grupomedios.com\/futbol\/wp-json\/wp\/v2\/categories?post=462721"},{"taxonomy":"post_tag","embeddable":true,"href":"http:\/\/desarrollo.grupomedios.com\/futbol\/wp-json\/wp\/v2\/tags?post=462721"}],"curies":[{"name":"wp","href":"https:\/\/api.w.org\/{rel}","templated":true}]}}